{"id":9635,"date":"2014-09-18T10:14:14","date_gmt":"2014-09-18T14:14:14","guid":{"rendered":"http:\/\/www.adufpb.org.br\/site\/?p=9635"},"modified":"2014-09-18T10:14:14","modified_gmt":"2014-09-18T14:14:14","slug":"professores-podem-encaminhar-poemas-para-a-agenda-adufpb-2015-ate-30-de-setembro","status":"publish","type":"post","link":"https:\/\/www.adufpb.org.br\/site\/professores-podem-encaminhar-poemas-para-a-agenda-adufpb-2015-ate-30-de-setembro\/","title":{"rendered":"Professores podem encaminhar poemas para a Agenda ADUFPB 2015 at\u00e9 30 de setembro"},"content":{"rendered":"<p>A Comiss\u00e3o Editorial da Agenda ADUFPB j\u00e1 come\u00e7ou a produzir a edi\u00e7\u00e3o 2015. Os professores ainda podem colaborar com a publica\u00e7\u00e3o encaminhando poemas e frases de autoria pr\u00f3pria at\u00e9 o dia<strong> 30 de setembro<\/strong> para o e-mail <strong>adufpb@terra.com.br.<\/strong><\/p>\n<p>Cada docente pode participar com at\u00e9 tr\u00eas poemas ou frases. Os poemas devem ser curtos (em fun\u00e7\u00e3o dos espa\u00e7os dispon\u00edveis na agenda) e todo o material precisa ser enviado em formato digital por e-mail. A previs\u00e3o \u00e9 de que a Agenda ADUFPB 2015 comece a ser distribu\u00edda no m\u00eas de dezembro.<\/p>\n<p><em>Fonte: Ascom ADUFPB<\/em><\/p>\n","protected":false},"excerpt":{"rendered":"<p>A Comiss\u00e3o Editorial da Agenda ADUFPB j\u00e1 come\u00e7ou a produzir a edi\u00e7\u00e3o 2015. Os professores ainda podem colaborar com a publica\u00e7\u00e3o encaminhando poemas e frases de autoria pr\u00f3pria at\u00e9 o dia 30 de setembro para o e-mail adufpb@terra.com.br. Cada docente pode participar com at\u00e9 tr\u00eas poemas ou frases. Os poemas devem ser curtos (em fun\u00e7\u00e3o&hellip;<\/p>\n","protected":false},"author":3,"featured_media":0,"comment_status":"closed","ping_status":"closed","sticky":false,"template":"","format":"standard","meta":{"footnotes":""},"categories":[15],"tags":[276],"class_list":["post-9635","post","type-post","status-publish","format-standard","hentry","category-noticias","tag-agenda-adufpb","category-15","description-off"],"_links":{"self":[{"href":"https:\/\/www.adufpb.org.br\/site\/wp-json\/wp\/v2\/posts\/9635","targetHints":{"allow":["GET"]}}],"collection":[{"href":"https:\/\/www.adufpb.org.br\/site\/wp-json\/wp\/v2\/posts"}],"about":[{"href":"https:\/\/www.adufpb.org.br\/site\/wp-json\/wp\/v2\/types\/post"}],"author":[{"embeddable":true,"href":"https:\/\/www.adufpb.org.br\/site\/wp-json\/wp\/v2\/users\/3"}],"replies":[{"embeddable":true,"href":"https:\/\/www.adufpb.org.br\/site\/wp-json\/wp\/v2\/comments?post=9635"}],"version-history":[{"count":1,"href":"https:\/\/www.adufpb.org.br\/site\/wp-json\/wp\/v2\/posts\/9635\/revisions"}],"predecessor-version":[{"id":9636,"href":"https:\/\/www.adufpb.org.br\/site\/wp-json\/wp\/v2\/posts\/9635\/revisions\/9636"}],"wp:attachment":[{"href":"https:\/\/www.adufpb.org.br\/site\/wp-json\/wp\/v2\/media?parent=9635"}],"wp:term":[{"taxonomy":"category","embeddable":true,"href":"https:\/\/www.adufpb.org.br\/site\/wp-json\/wp\/v2\/categories?post=9635"},{"taxonomy":"post_tag","embeddable":true,"href":"https:\/\/www.adufpb.org.br\/site\/wp-json\/wp\/v2\/tags?post=9635"}],"curies":[{"name":"wp","href":"https:\/\/api.w.org\/{rel}","templated":true}]}}