{"id":9580,"date":"2014-09-05T16:24:33","date_gmt":"2014-09-05T20:24:33","guid":{"rendered":"http:\/\/www.adufpb.org.br\/site\/?p=9580"},"modified":"2014-09-05T16:24:33","modified_gmt":"2014-09-05T20:24:33","slug":"adufpb-convida-para-reuniao-sobre-o-abono-de-permanencia","status":"publish","type":"post","link":"https:\/\/www.adufpb.org.br\/site\/adufpb-convida-para-reuniao-sobre-o-abono-de-permanencia\/","title":{"rendered":"ADUFPB convida para reuni\u00e3o sobre o Abono de Perman\u00eancia"},"content":{"rendered":"<p><span style=\"font-size: large;\">A Diretoria da ADUFPB\/SSind convida os\/as professores\/as que est\u00e3o com dificuldades em receber o ABONO DE PERMAN\u00caNCIA, para uma reuni\u00e3o, com a presen\u00e7a da Assessoria Jur\u00eddica da ADUFPB, no pr\u00f3ximo dia 11 de setembro de 2014 (quinta-feira), \u00e0s 15h30, no Terra\u00e7o da ADUFPB (Centro de Viv\u00eancia\/UFPB).<\/span><\/p>\n<p style=\"text-align: center;\"><span style=\"font-size: large;\">Diretoria Executiva<\/span><\/p>\n","protected":false},"excerpt":{"rendered":"<p>A Diretoria da ADUFPB\/SSind convida os\/as professores\/as que est\u00e3o com dificuldades em receber o ABONO DE PERMAN\u00caNCIA, para uma reuni\u00e3o, com a presen\u00e7a da Assessoria Jur\u00eddica da ADUFPB, no pr\u00f3ximo dia 11 de setembro de 2014 (quinta-feira), \u00e0s 15h30, no Terra\u00e7o da ADUFPB (Centro de Viv\u00eancia\/UFPB). Diretoria Executiva<\/p>\n","protected":false},"author":3,"featured_media":0,"comment_status":"closed","ping_status":"closed","sticky":false,"template":"","format":"standard","meta":{"footnotes":""},"categories":[15],"tags":[],"class_list":["post-9580","post","type-post","status-publish","format-standard","hentry","category-noticias","category-15","description-off"],"_links":{"self":[{"href":"https:\/\/www.adufpb.org.br\/site\/wp-json\/wp\/v2\/posts\/9580","targetHints":{"allow":["GET"]}}],"collection":[{"href":"https:\/\/www.adufpb.org.br\/site\/wp-json\/wp\/v2\/posts"}],"about":[{"href":"https:\/\/www.adufpb.org.br\/site\/wp-json\/wp\/v2\/types\/post"}],"author":[{"embeddable":true,"href":"https:\/\/www.adufpb.org.br\/site\/wp-json\/wp\/v2\/users\/3"}],"replies":[{"embeddable":true,"href":"https:\/\/www.adufpb.org.br\/site\/wp-json\/wp\/v2\/comments?post=9580"}],"version-history":[{"count":1,"href":"https:\/\/www.adufpb.org.br\/site\/wp-json\/wp\/v2\/posts\/9580\/revisions"}],"predecessor-version":[{"id":9581,"href":"https:\/\/www.adufpb.org.br\/site\/wp-json\/wp\/v2\/posts\/9580\/revisions\/9581"}],"wp:attachment":[{"href":"https:\/\/www.adufpb.org.br\/site\/wp-json\/wp\/v2\/media?parent=9580"}],"wp:term":[{"taxonomy":"category","embeddable":true,"href":"https:\/\/www.adufpb.org.br\/site\/wp-json\/wp\/v2\/categories?post=9580"},{"taxonomy":"post_tag","embeddable":true,"href":"https:\/\/www.adufpb.org.br\/site\/wp-json\/wp\/v2\/tags?post=9580"}],"curies":[{"name":"wp","href":"https:\/\/api.w.org\/{rel}","templated":true}]}}