{"id":9575,"date":"2014-09-05T10:38:56","date_gmt":"2014-09-05T14:38:56","guid":{"rendered":"http:\/\/www.adufpb.org.br\/site\/?p=9575"},"modified":"2014-09-05T10:41:56","modified_gmt":"2014-09-05T14:41:56","slug":"nordeste-sim-sinho-na-adufpb-sera-reprisado-sabado","status":"publish","type":"post","link":"https:\/\/www.adufpb.org.br\/site\/nordeste-sim-sinho-na-adufpb-sera-reprisado-sabado\/","title":{"rendered":"Programa de televis\u00e3o gravado na ADUFPB ser\u00e1 reprisado s\u00e1bado"},"content":{"rendered":"<p>A edi\u00e7\u00e3o desta semana do programa \u201cNordeste Sim Sinh\u00f4\u201d, gravado no dia 29 de agosto na sede da ADUFPB, ser\u00e1 reprisado neste s\u00e1bado (6\/9), \u00e0s 15h, no canal 43 da televis\u00e3o aberta. Na pr\u00f3xima segunda-feira (8\/9), ela tamb\u00e9m ser\u00e1 disponibilizada na internet, no canal do Youtube da TV UFPB (<a href=\"https:\/\/www.youtube.com\/user\/TVUFPB\">https:\/\/www.youtube.com\/user\/TVUFPB<\/a>).<\/p>\n<p>O \u201cNordeste Sim Sinh\u00f4\u201d \u00e9 apresentado pelo professor, cantor e compositor J\u00fanior Limeira. Ele \u00e9 exibido semanalmente, sempre \u00e0s quintas-feiras, \u00e0s 19h, pelo canal 43 da TV aberta, e reprisado aos s\u00e1bado. As atra\u00e7\u00f5es principais da edi\u00e7\u00e3o gravada no Terra\u00e7o Cultural da ADUFPB s\u00e3o os grupos Forr\u00f3 Ca\u00e7u\u00e1 e Os Fulanos, que participaram do 14\u00ba Festival Nacional de Forr\u00f3 em Ita\u00fanas (ES).<\/p>\n<p><em>Fonte: Ascom ADUFPB<\/em><\/p>\n","protected":false},"excerpt":{"rendered":"<p>A edi\u00e7\u00e3o desta semana do programa \u201cNordeste Sim Sinh\u00f4\u201d, gravado no dia 29 de agosto na sede da ADUFPB, ser\u00e1 reprisado neste s\u00e1bado (6\/9), \u00e0s 15h, no canal 43 da televis\u00e3o aberta. Na pr\u00f3xima segunda-feira (8\/9), ela tamb\u00e9m ser\u00e1 disponibilizada na internet, no canal do Youtube da TV UFPB (https:\/\/www.youtube.com\/user\/TVUFPB). O \u201cNordeste Sim Sinh\u00f4\u201d \u00e9&hellip;<\/p>\n","protected":false},"author":3,"featured_media":0,"comment_status":"closed","ping_status":"closed","sticky":false,"template":"","format":"standard","meta":{"footnotes":""},"categories":[15],"tags":[],"class_list":["post-9575","post","type-post","status-publish","format-standard","hentry","category-noticias","category-15","description-off"],"_links":{"self":[{"href":"https:\/\/www.adufpb.org.br\/site\/wp-json\/wp\/v2\/posts\/9575","targetHints":{"allow":["GET"]}}],"collection":[{"href":"https:\/\/www.adufpb.org.br\/site\/wp-json\/wp\/v2\/posts"}],"about":[{"href":"https:\/\/www.adufpb.org.br\/site\/wp-json\/wp\/v2\/types\/post"}],"author":[{"embeddable":true,"href":"https:\/\/www.adufpb.org.br\/site\/wp-json\/wp\/v2\/users\/3"}],"replies":[{"embeddable":true,"href":"https:\/\/www.adufpb.org.br\/site\/wp-json\/wp\/v2\/comments?post=9575"}],"version-history":[{"count":4,"href":"https:\/\/www.adufpb.org.br\/site\/wp-json\/wp\/v2\/posts\/9575\/revisions"}],"predecessor-version":[{"id":9579,"href":"https:\/\/www.adufpb.org.br\/site\/wp-json\/wp\/v2\/posts\/9575\/revisions\/9579"}],"wp:attachment":[{"href":"https:\/\/www.adufpb.org.br\/site\/wp-json\/wp\/v2\/media?parent=9575"}],"wp:term":[{"taxonomy":"category","embeddable":true,"href":"https:\/\/www.adufpb.org.br\/site\/wp-json\/wp\/v2\/categories?post=9575"},{"taxonomy":"post_tag","embeddable":true,"href":"https:\/\/www.adufpb.org.br\/site\/wp-json\/wp\/v2\/tags?post=9575"}],"curies":[{"name":"wp","href":"https:\/\/api.w.org\/{rel}","templated":true}]}}