{"id":9566,"date":"2014-09-04T06:30:00","date_gmt":"2014-09-04T10:30:00","guid":{"rendered":"http:\/\/www.adufpb.org.br\/site\/?p=9566"},"modified":"2014-09-10T12:12:56","modified_gmt":"2014-09-10T16:12:56","slug":"sede-de-leitura-autores-ja-podem-pegar-convite","status":"publish","type":"post","link":"https:\/\/www.adufpb.org.br\/site\/sede-de-leitura-autores-ja-podem-pegar-convite\/","title":{"rendered":"Sede de Leitura: autores j\u00e1 podem pegar convite"},"content":{"rendered":"<p>Os professores que se inscreveram no Sede de Leitura 2014 j\u00e1 podem pegar os convites do evento para serem distribu\u00eddos com amigos e familiares.\u00a0<span style=\"font-size: 14px;\">Este ano, o projeto far\u00e1 o lan\u00e7amento de 13 publica\u00e7\u00f5es, entre livros e revistas, de autoria dos docentes da Universidade Federal da Para\u00edba (UFPB).<\/span><\/p>\n<p>Os convites est\u00e3o sendo entregues na recep\u00e7\u00e3o da sede da ADUFPB, localizada no Centro de Viv\u00eancia do campus I, em Jo\u00e3o Pessoa, das 8h \u00e0s 17h. Cada publica\u00e7\u00e3o inscrita d\u00e1 direito a 20 senhas para a festa, que ser\u00e1 realizada no dia 12 de setembro, na sede sociocultural do Sindicato, na rua Gilvan Muribeca, n\u00ba 88, bairro do Cabo Branco (ao lado do Jangada Clube).\u00a0Vale lembrar que o evento \u00e9 aberto a todos os professores sindicalizados e que os convites s\u00e3o destinados aos autores para que esses possam divulgar o lan\u00e7amento com familiares e amigos.<\/p>\n<p><span style=\"font-size: 14px;\">O Sede de Leitura tem o objetivo de proporcionar aos docentes que possuem livros rec\u00e9m editados a oportunidade de apresentar seus trabalhos aos colegas e convidados da festa e de divulgar suas obras para a comunidade acad\u00eamica e para o p\u00fablico em geral.<\/span><\/p>\n<p>Durante o evento deste ano, a ADUFPB vai apresentar 20\u00aa edi\u00e7\u00e3o da Revista Conceitos, publica\u00e7\u00e3o editada pelo Sindicato com o objetivo de divulgar a produ\u00e7\u00e3o acad\u00eamica dos docentes. Al\u00e9m disso, ser\u00e3o conhecidos os vencedores do 3\u00ba Concurso de Fotografia da ADUFPB e exibidas, em proje\u00e7\u00e3o digital, as imagens inscritas nos tr\u00eas concursos promovidos pelo Sindicato.<\/p>\n<p>A festa ter\u00e1 coquetel e uma atra\u00e7\u00e3o musical, al\u00e9m da exibi\u00e7\u00e3o de slides com as fotos que concorreram \u00e0s edi\u00e7\u00f5es 2012 e 2013 do Concurso Cultural de Fotografia da ADUFPB. Todos os autores de livros ter\u00e3o a oportunidade de relatar uma breve sinopse de suas obras.<\/p>\n<p><b><span style=\"text-decoration: underline;\">AGENDE-SE<\/span><\/b><br \/>\n<b>Sede de Leitura 2014<\/b><br \/>\n<b>Data:<\/b> 12 de setembro, sexta-feira<br \/>\n<b>Hor\u00e1rio:<\/b> 20h<br \/>\n<b>Local:<\/b> Sede sociocultural da ADUFPB, na rua Gilvan Muribeca, n\u00ba 88, bairro do Cabo Branco (ao lado do Jangada Clube)<\/p>\n<p>&nbsp;<\/p>\n<p><span style=\"text-decoration: underline;\"><b>Conhe\u00e7a as obras inscritas no Sede de Leitura 2014<\/b><\/span><\/p>\n<p>&nbsp;<\/p>\n<p><b>T\u00edtulo:<\/b> S\u00e9rie Biopoesia: De olho nos bichos e nas letras (O Jo\u00e3o-de-Barro, O Tra\u00e7ado e a Tra\u00e7a, As cores da Borboleta e A cor da Felicidade)<br \/>\n<b>Autora:<\/b> Socorro Vieira<br \/>\n<b>Departamento:<\/b> Biologia Molecular (DBM)<br \/>\n<b>Centro:<\/b> Ci\u00eancias Exatas e da Natureza (CCEN)<br \/>\n<b>\u00c1rea:<\/b> Literatura infantil<br \/>\n<b>Sinopse: <\/b>A s\u00e9rie conta hist\u00f3rias engra\u00e7adas sobre animais. A crian\u00e7a tem a oportunidade de participar de forma l\u00fadica da hist\u00f3ria, definindo cada animal, conhecendo a biologia, a fam\u00edlia e o habitat, enfrentando labirintos, pintando e ajudando na constru\u00e7\u00e3o de objetos, correlacionando e integrando conhecimentos. A obra busca promover o conhecimento interativo interdisciplinar para as crian\u00e7as.<\/p>\n<p>&nbsp;<\/p>\n<p><b>T\u00edtulo:<\/b> Educa\u00e7\u00e3o Infantil \u2013 Uma Pol\u00edtica Necess\u00e1ria<br \/>\n<b>Autora:<\/b> Evanice dos Santos Silva<br \/>\n<b>Departamento:<\/b> DFE<br \/>\n<b>Centro:<\/b> Educa\u00e7\u00e3o (CE)<br \/>\n<b>\u00c1rea:<\/b> T\u00e9cnico-cient\u00edfico<br \/>\n<b>Sinopse: <\/b>O livro re\u00fane textos, relatos de experi\u00eancia e resultado de pesquisas que foram apresentados no XIII Congresso de Educa\u00e7\u00e3o Infantil coordenado pela autora, em junho de 1999. A diversidade dos textos leva o leitor a pensar na Educa\u00e7\u00e3o da crian\u00e7a com outra vis\u00e3o da realidade, fazendo surgir a esperan\u00e7a de uma sociedade mais justa e humanizada.<\/p>\n<p><b>\u00a0<\/b><\/p>\n<p><b>T\u00edtulo:<\/b> Terra Distante<br \/>\n<b>Autor:<\/b> Jo\u00e3o de Lima<br \/>\n<b>Departamento:<\/b> Comunica\u00e7\u00e3o<br \/>\n<b>Centro:<\/b> Comunica\u00e7\u00e3o, Turismo e Artes (CCTA)<br \/>\n<b>\u00c1rea:<\/b> Artes<br \/>\n<b>Sinopse: <\/b>A partir do filme \u201cAruanda\u201d, de Linduarte Noronha, o autor estabelece comparativo com as obras de Bunnuel, Eduardo Coutinho, Manfredo Caldas e Vladimir Carvalho, relacionando-o com a problem\u00e1tica da terra no cinema.<\/p>\n<p>&nbsp;<\/p>\n<p><b>T\u00edtulo:<\/b> Revista Cartema: n\u00fameros 1 e 2<br \/>\n<b>Autor:<\/b> Colet\u00e2nea (inscri\u00e7\u00e3o no Sede de Leitura feita por Robson Xavier da Costa e L\u00edvia Marques Carvalho)<br \/>\n<b>Departamento:<\/b> Artes Visuais<br \/>\n<b>Centro:<\/b> CCTA \/ Programa de P\u00f3s Gradua\u00e7\u00e3o em Artes Visuais \/ UFPB \/ UFPE<br \/>\n<b>\u00c1rea:<\/b> T\u00e9cnico-cient\u00edfico<br \/>\n<b>Sinopse: <\/b>Artigos de pesquisadores do PPGAV UFPB\/UFPE (professores e alunos da UFPB e da UFPE)<\/p>\n<p>&nbsp;<\/p>\n<p><b>T\u00edtulo:<\/b> Encontros e Conex\u00f5es em Artes Visuais<br \/>\n<b>Autoras:<\/b> Madalena Zaccara e Maria Bet\u00e2nia e Silva (organizadoras; inscri\u00e7\u00e3o no Sede de Leitura feita por Robson Xavier da Costa e L\u00edvia Marques Carvalho)<br \/>\n<b>Departamento:<\/b> Artes Visuais<br \/>\n<b>Centro:<\/b> CCTA \/ Programa de P\u00f3s Gradua\u00e7\u00e3o em Artes Visuais UFPB\/UFPE<br \/>\n<b>\u00c1rea:<\/b> T\u00e9cnico-cient\u00edfico<br \/>\n<b>Sinopse:<\/b> Trata-se de um projeto acad\u00eamico que re\u00fane pesquisadores das universidades federais de Pernambuco e da Para\u00edba e de outras institui\u00e7\u00f5es. A publica\u00e7\u00e3o objetiva reunir s\u00ednteses ou cap\u00edtulos das teses e das disserta\u00e7\u00f5es dos alunos e professores do Programa Associado de P\u00f3s-Gradua\u00e7\u00e3o em Artes Visuais UFPE\/UFPB, de suas linhas de pesquisa \u201cHist\u00f3ria, Teoria e Processos de Cria\u00e7\u00e3o\u201d e \u201cEnsino das Artes Visuais no Brasil\u201d. Os egressos do PPGAV escrevem justamente com seus orientadores enquanto os professores trazem reflex\u00f5es sobre suas pr\u00f3prias teses e pesquisas desenvolvidas.<\/p>\n<p>&nbsp;<\/p>\n<p><b>T\u00edtulo:<\/b> Mitologia da mata ao Sert\u00e3o<br \/>\n<b>Autor:<\/b> Jos\u00e9 Maria Tavares de Andrade<br \/>\n<b>Departamento:<\/b> DCS<br \/>\n<b>Centro:<\/b> Centro de Ci\u00eancias Humanas e Letras (CCHLA)<br \/>\n<b>\u00c1rea:<\/b> T\u00e9cnico-cient\u00edfico<br \/>\n<b>Sinopse: <\/b>O livro parte de um achado: as \u201chist\u00f3rias de santos\u201d. Elas contam a vida, a morte e \u201ccanoniza\u00e7\u00e3o\u201d de santas e santos da religiosidade popular. As narrativas deste g\u00eanero n\u00e3o s\u00e3o apenas lendas folcl\u00f3ricas, est\u00f3rias, mas a Hist\u00f3ria como podia e devia ser elaborada pela mem\u00f3ria coletiva-literatura oral. Os camponeses nordestinos como os povos aut\u00f3ctones, n\u00e3o chamam \u201cmitos\u201d suas narrativas exemplares, etiol\u00f3gicas, das origens das coisas. Segundo nossa hip\u00f3tese, essas narrativas elaboram uma explica\u00e7\u00e3o mitol\u00f3gica e elucidam o sentido de pr\u00e1ticas m\u00e1gico-religiosas n\u00e3o institucionalizadas. Os ritos de origem externa provocaram no interior de horizontes culturais brasileiros um tipo de explica\u00e7\u00e3o poss\u00edvel sobre sua raz\u00e3o de ser. Al\u00e9m de \u201ccanonizarem\u201d os santos, suas hist\u00f3rias projetam uma cosmovis\u00e3o pr\u00f3pria do campo da religiosidade. O modelo de sofrimento cat\u00f3lico suscita a explica\u00e7\u00e3o dos padecimentos, especificamente vividos pelo corpo humano, em corpos sociais. A cultura popular brasileira, bastarda, trabalhando elementos medievais j\u00e1 sincr\u00e9ticos, sofria e resistia \u00e0 escravid\u00e3o, ao genoc\u00eddio, a castigos e sofrimentos de toda ordem espelhados na paix\u00e3o de Cristo.<\/p>\n<p>&nbsp;<\/p>\n<p><b>T\u00edtulo:<\/b> Educa\u00e7\u00e3o e visualidade: A imagem como objeto do conhecimento<br \/>\n<b>Autor:<\/b> Erenildo Jo\u00e3o Carlos (organizador)<br \/>\n<b>Departamento:<\/b> DFE (Departamento de Fundamentos da Educa\u00e7\u00e3o)<br \/>\n<b>Centro:<\/b> Centro de Educa\u00e7\u00e3o (CE)<br \/>\n<b>\u00c1rea:<\/b> T\u00e9cnico-cient\u00edfico<br \/>\n<b>Sinopse: <\/b>Cada um dos inscritos da colet\u00e2nea atual enfoca a seu modo a quest\u00e3o da educa\u00e7\u00e3o e da visualidade e discute a imagem como objeto do conhecimento.<\/p>\n<p>&nbsp;<\/p>\n<p><b>T\u00edtulo:<\/b> Em tr\u00e2nsito e maratona<br \/>\n<b>Autor:<\/b> Francisco de Assis Cunha Metri (Chic\u00e3o de Bodocong\u00f3)<br \/>\n<b>Departamento:<\/b> Unidade Acad\u00eamica de Arte e M\u00eddia<br \/>\n<b>Centro:<\/b> Centro de Humanidades (CH) da UFCG<br \/>\n<b>\u00c1rea:<\/b> Poesia<br \/>\n<b>Sinopse: <\/b>O autor apresenta uma nova forma de cordel, tanto na m\u00e9trica como na aus\u00eancia de rima convencional. O conte\u00fado \u00e9 urbano, diferente do cordel convencional. Na primeira poesia, temos uma reflex\u00e3o de um transeunte no momento em que ele desloca-se do trabalho para casa ap\u00f3s o expediente. A segunda poesia, \u201cMaratona\u201d, \u00e9 uma analogia \u00e0 vida competitiva. A terceira poesia \u00e9 um elogio, uma exalta\u00e7\u00e3o ao trem.<\/p>\n<p>&nbsp;<\/p>\n<p><b>T\u00edtulo:<\/b> Para\u00edba<br \/>\n<b>Autor:<\/b> Giovanni Seabra<br \/>\n<b>Departamento:<\/b> Geoci\u00eancias<br \/>\n<b>Centro:<\/b> Centro de Ci\u00eancias Exatas e Naturais (CCEN)<br \/>\n<b>\u00c1rea:<\/b> T\u00e9cnico-cient\u00edfico<br \/>\n<b>Sinopse: <\/b>Obra destinada ao ensino e \u00e0 pesquisa sobre o Estado da Para\u00edba, que compreende o diagn\u00f3stico f\u00edsico-bi\u00f3tico e socioecon\u00f4mico em n\u00edvel regional e microrregional. Cont\u00e9m os aspectos hist\u00f3ricos, geof\u00edsicos, pol\u00edticos e culturais da Para\u00edba.<\/p>\n<p>&nbsp;<\/p>\n<p><b>T\u00edtulo:<\/b> Marxismos na contemporaneidade: T\u00f3picos de pol\u00edtica, economia e direito<br \/>\n<b>Autores:<\/b> Jaldes Reis de Meneses e Rubens Pinto Lyra (organizadores)<br \/>\n<b>Departamento:<\/b> Hist\u00f3ria<br \/>\n<b>Centro: <\/b>Centro de Ci\u00eancias Humanas e Letras (CCHLA)<br \/>\n<b>\u00c1rea:<\/b> T\u00e9cnico-cient\u00edfico<br \/>\n<b>Sinopse: <\/b>Colet\u00e2nea formada por nove artigos que buscam uma revis\u00e3o do pensamento de Karl Marx sob o olhar moderno, analisam criticamente a sociedade atual e apontam perspectivas para o futuro. Eles abordam temas relacionados \u00e0s \u00e1reas da teoria pol\u00edtica, do direito e da economia, tomando como referencial para an\u00e1lise as diferentes tradi\u00e7\u00f5es marxistas.<\/p>\n<p>&nbsp;<\/p>\n<p><b>T\u00edtulo:<\/b> Dicion\u00e1rio de investiga\u00e7\u00e3o do cotidiano \u2013 Vozes no papel: cartografia de ideias no jornalismo impresso \u2013 Volume II<br \/>\n<b>Autor:<\/b> Wellington Pereira (organizado)<br \/>\n<b>Departamento:<\/b> Comunica\u00e7\u00e3o<br \/>\n<b>Centro: <\/b>Centro de Comunica\u00e7\u00e3o, Turismo e Artes (CCTA)<br \/>\n<b>\u00c1rea:<\/b> T\u00e9cnico-cient\u00edfico<br \/>\n<b>Sinopse: <\/b>O segundo volume do Dicion\u00e1rio de Investiga\u00e7\u00e3o do Cotidiano nos jornais paraibanos trata das fissuras entre a forma como se diz e as conex\u00f5es que estas estabelecem ou n\u00e3o como o medium jornal, o que os autores dos verbetes realizaram com per\u00edcia est\u00e9tica e sentido cr\u00edtico ao tratar da forma como as ideias s\u00e3o adquiridas a partir de narrativas jornal\u00edsticas.<\/p>\n<p>&nbsp;<\/p>\n<p><b>T\u00edtulo:<\/b> Cunha de Leiradella: Um autor sob duas bandeiras<br \/>\n<b>Autores:<\/b>\u00a0S\u00f4nia Maria van Dijck Lima e Jos\u00e9 Pereira de Oliveira (organizadores)<br \/>\n<b>Departamento:<\/b> Letras Cl\u00e1ssicas e Vern\u00e1culas<br \/>\n<b>Centro: <\/b>Centro de Ci\u00eancias Humanas e Letras (CCHLA)<br \/>\n<b>\u00c1rea:<\/b> T\u00e9cnico-cient\u00edfico<br \/>\n<b>Sinopse: <\/b>Estudos cr\u00edticos e biogr\u00e1ficos acerca do escritor luso-brasileiro Cunha de Leiradella.<\/p>\n<p>&nbsp;<\/p>\n<div><b>T\u00edtulo<\/b>: Lugares e suas interfaces intraurbanas: a cidade vista por meio de suas diferentes escalas.<\/div>\n<div><b>Autores<\/b>: Jos\u00e9 Augusto Ribeiro da Silveira e M\u00e1rcio Cotrim Cunha.<\/div>\n<div><b>Departamento<\/b>: Arquitetura e Urbanismo<\/div>\n<div>\n<div><b>Centro:<\/b>\u00a0Centro de Tecnologia<\/div>\n<div><b>\u00c1rea<\/b>:\u00a0T\u00e9cnico-cient\u00edfico<\/div>\n<div><b>Sinopse<\/b>: O livro, uma edi\u00e7\u00e3o realizada no \u00e2mbito do Programa de P\u00f3s-Gradua\u00e7\u00e3o em Arquitetura e Urbanismo do CT\/UFPB,\u00a0aborda o fen\u00f4meno urbano, seus lugares e suas interfaces, de modo a se criar, por meio do conjunto dos textos aqui estruturados como cap\u00edtulos, uma esp\u00e9cie de\u00a0<i>zoom in<\/i>\u00a0por meio das diferentes escalas da cidade<b>.<\/b>\u00a0 Barcelona, Cuiab\u00e1, S\u00e3o Paulo, Oakland e Jo\u00e3o Pessoa servem com objetos para diversos enfoques anal\u00edticos urbanos.<\/div>\n<\/div>\n<p>&nbsp;<\/p>\n<p><em>Fonte: Ascom ADUFPB<\/em><\/p>\n","protected":false},"excerpt":{"rendered":"<p>Os professores que se inscreveram no Sede de Leitura 2014 j\u00e1 podem pegar os convites do evento para serem distribu\u00eddos com amigos e familiares.\u00a0Este ano, o projeto far\u00e1 o lan\u00e7amento de 13 publica\u00e7\u00f5es, entre livros e revistas, de autoria dos docentes da Universidade Federal da Para\u00edba (UFPB). Os convites est\u00e3o sendo entregues na recep\u00e7\u00e3o da&hellip;<\/p>\n","protected":false},"author":3,"featured_media":9568,"comment_status":"closed","ping_status":"closed","sticky":false,"template":"","format":"standard","meta":{"footnotes":""},"categories":[15,417],"tags":[251,62,35],"class_list":["post-9566","post","type-post","status-publish","format-standard","has-post-thumbnail","hentry","category-noticias","category-noticias-destaque","tag-concurso-de-fotografia","tag-revista-conceitos","tag-sede-de-leitura","category-15","category-417","description-off"],"_links":{"self":[{"href":"https:\/\/www.adufpb.org.br\/site\/wp-json\/wp\/v2\/posts\/9566","targetHints":{"allow":["GET"]}}],"collection":[{"href":"https:\/\/www.adufpb.org.br\/site\/wp-json\/wp\/v2\/posts"}],"about":[{"href":"https:\/\/www.adufpb.org.br\/site\/wp-json\/wp\/v2\/types\/post"}],"author":[{"embeddable":true,"href":"https:\/\/www.adufpb.org.br\/site\/wp-json\/wp\/v2\/users\/3"}],"replies":[{"embeddable":true,"href":"https:\/\/www.adufpb.org.br\/site\/wp-json\/wp\/v2\/comments?post=9566"}],"version-history":[{"count":7,"href":"https:\/\/www.adufpb.org.br\/site\/wp-json\/wp\/v2\/posts\/9566\/revisions"}],"predecessor-version":[{"id":9591,"href":"https:\/\/www.adufpb.org.br\/site\/wp-json\/wp\/v2\/posts\/9566\/revisions\/9591"}],"wp:featuredmedia":[{"embeddable":true,"href":"https:\/\/www.adufpb.org.br\/site\/wp-json\/wp\/v2\/media\/9568"}],"wp:attachment":[{"href":"https:\/\/www.adufpb.org.br\/site\/wp-json\/wp\/v2\/media?parent=9566"}],"wp:term":[{"taxonomy":"category","embeddable":true,"href":"https:\/\/www.adufpb.org.br\/site\/wp-json\/wp\/v2\/categories?post=9566"},{"taxonomy":"post_tag","embeddable":true,"href":"https:\/\/www.adufpb.org.br\/site\/wp-json\/wp\/v2\/tags?post=9566"}],"curies":[{"name":"wp","href":"https:\/\/api.w.org\/{rel}","templated":true}]}}