{"id":9558,"date":"2014-08-28T16:28:02","date_gmt":"2014-08-28T20:28:02","guid":{"rendered":"http:\/\/www.adufpb.org.br\/site\/?p=9558"},"modified":"2014-09-03T10:41:30","modified_gmt":"2014-09-03T14:41:30","slug":"program-nordeste-sim-sinho-sera-gravado-na-adufpb-nesta-sexta-feira","status":"publish","type":"post","link":"https:\/\/www.adufpb.org.br\/site\/program-nordeste-sim-sinho-sera-gravado-na-adufpb-nesta-sexta-feira\/","title":{"rendered":"Programa Nordeste Sim Sinh\u00f4 ser\u00e1 gravado na ADUFPB nesta sexta-feira"},"content":{"rendered":"<p>A pr\u00f3xima edi\u00e7\u00e3o do programa &#8220;Nordeste Sim Sinh\u00f4&#8221;, veiculado semanalmente pela TV UFPB, ser\u00e1 gravada nesta sexta-feira (29\/8) no Terra\u00e7o Cultural da ADUFPB, localizado no Centro de Viv\u00eancia do campus I, em Jo\u00e3o Pessoa.<\/p>\n<p>O sindicato convida todos os seus associados para participar da grava\u00e7\u00e3o, que come\u00e7ar\u00e1 \u00e0s 14h30. As atra\u00e7\u00f5es principais ser\u00e3o os grupos Forr\u00f3 Ca\u00e7u\u00e1 e Os Fulanos, que participaram do 14\u00ba Festival Nacional de Forr\u00f3 em Ita\u00fanas (ES).<\/p>\n<p>Haver\u00e1 muito forr\u00f3, dan\u00e7a e comida para todos se divertirem numa tarde cultural imperd\u00edvel.<\/p>\n<p><b>Sobre o programa<\/b><\/p>\n<p>O \u201cNordeste Sim Sinh\u00f4\u201d \u00e9 apresentado pelo professor, cantor e compositor J\u00fanior Limeira. Ele \u00e9 exibido semanalmente, sempre \u00e0s quintas-feiras, \u00e0s 19h, pelo canal 43 da TV aberta, e reprisado aos s\u00e1bado, \u00e0s 15h.<\/p>\n<p><em>Fonte: Ascom ADUFPB<\/em><\/p>\n","protected":false},"excerpt":{"rendered":"<p>A pr\u00f3xima edi\u00e7\u00e3o do programa &#8220;Nordeste Sim Sinh\u00f4&#8221;, veiculado semanalmente pela TV UFPB, ser\u00e1 gravada nesta sexta-feira (29\/8) no Terra\u00e7o Cultural da ADUFPB, localizado no Centro de Viv\u00eancia do campus I, em Jo\u00e3o Pessoa. O sindicato convida todos os seus associados para participar da grava\u00e7\u00e3o, que come\u00e7ar\u00e1 \u00e0s 14h30. As atra\u00e7\u00f5es principais ser\u00e3o os grupos&hellip;<\/p>\n","protected":false},"author":3,"featured_media":9559,"comment_status":"closed","ping_status":"closed","sticky":false,"template":"","format":"standard","meta":{"footnotes":""},"categories":[15],"tags":[],"class_list":["post-9558","post","type-post","status-publish","format-standard","has-post-thumbnail","hentry","category-noticias","category-15","description-off"],"_links":{"self":[{"href":"https:\/\/www.adufpb.org.br\/site\/wp-json\/wp\/v2\/posts\/9558","targetHints":{"allow":["GET"]}}],"collection":[{"href":"https:\/\/www.adufpb.org.br\/site\/wp-json\/wp\/v2\/posts"}],"about":[{"href":"https:\/\/www.adufpb.org.br\/site\/wp-json\/wp\/v2\/types\/post"}],"author":[{"embeddable":true,"href":"https:\/\/www.adufpb.org.br\/site\/wp-json\/wp\/v2\/users\/3"}],"replies":[{"embeddable":true,"href":"https:\/\/www.adufpb.org.br\/site\/wp-json\/wp\/v2\/comments?post=9558"}],"version-history":[{"count":3,"href":"https:\/\/www.adufpb.org.br\/site\/wp-json\/wp\/v2\/posts\/9558\/revisions"}],"predecessor-version":[{"id":9562,"href":"https:\/\/www.adufpb.org.br\/site\/wp-json\/wp\/v2\/posts\/9558\/revisions\/9562"}],"wp:featuredmedia":[{"embeddable":true,"href":"https:\/\/www.adufpb.org.br\/site\/wp-json\/wp\/v2\/media\/9559"}],"wp:attachment":[{"href":"https:\/\/www.adufpb.org.br\/site\/wp-json\/wp\/v2\/media?parent=9558"}],"wp:term":[{"taxonomy":"category","embeddable":true,"href":"https:\/\/www.adufpb.org.br\/site\/wp-json\/wp\/v2\/categories?post=9558"},{"taxonomy":"post_tag","embeddable":true,"href":"https:\/\/www.adufpb.org.br\/site\/wp-json\/wp\/v2\/tags?post=9558"}],"curies":[{"name":"wp","href":"https:\/\/api.w.org\/{rel}","templated":true}]}}