{"id":9553,"date":"2014-08-25T16:56:13","date_gmt":"2014-08-25T20:56:13","guid":{"rendered":"http:\/\/www.adufpb.org.br\/site\/?p=9553"},"modified":"2014-09-03T10:41:48","modified_gmt":"2014-09-03T14:41:48","slug":"concurso-fotografico-ainda-da-tempo-de-concorrer-a-um-tablet","status":"publish","type":"post","link":"https:\/\/www.adufpb.org.br\/site\/concurso-fotografico-ainda-da-tempo-de-concorrer-a-um-tablet\/","title":{"rendered":"Concurso Fotogr\u00e1fico: ainda d\u00e1 tempo de concorrer a um tablet"},"content":{"rendered":"<p>Ainda d\u00e1 tempo de participar da terceira edi\u00e7\u00e3o do Concurso Cultural de Fotografia da ADUFPB. As inscri\u00e7\u00f5es s\u00e3o abertas aos professores sindicalizados e encerram-se no dia 31 de agosto, pr\u00f3ximo domingo. A fotografia vencedora ser\u00e1 capa da Agenda ADUFPB 2015 e o autor da imagem ganhar\u00e1 um tablet Samsung Galaxy, com tela de 10,1 polegadas, Wi-fi e 3G.<\/p>\n<p><span style=\"font-size: 14px;\">Para participar, basta\u00a0<\/span><span style=\"font-size: 14px;\">ler o regulamento oficial (<\/span><a style=\"font-size: 14px;\" href=\"http:\/\/www.adufpb.org.br\/site\/wp-content\/uploads\/2014\/06\/REGULAMENTO_JUN_2014.pdf\" target=\"_blank\">dispon\u00edvel aqui<\/a><span style=\"font-size: 14px;\">), preencher a ficha de inscri\u00e7\u00e3o (<\/span><a style=\"font-size: 14px;\" href=\"http:\/\/www.adufpb.org.br\/site\/wp-content\/uploads\/2014\/06\/FICHA_DE_INSCRICAO_CONCURSO_FOTOGRAFICO_2014.doc\" target=\"_blank\">aqui<\/a><span style=\"font-size: 14px;\">) e encaminh\u00e1-la junto com as imagens concorrentes para o e-mail concursofotografico.adufpb@gmail.com.<\/span><\/p>\n<p>Cada participante pode enviar at\u00e9 tr\u00eas fotografias para serem avaliadas pela Comiss\u00e3o Julgadora do Concurso que escolher\u00e1, entre as imagens inscritas, as tr\u00eas melhores para serem premiadas pelo sindicato.\u00a0O segundo e o terceiro lugar ganhar\u00e3o, respectivamente, uma mochila para c\u00e2meras fotogr\u00e1ficas e um trip\u00e9 profissional em alum\u00ednio.<\/p>\n<p>Al\u00e9m disso, as imagens inscritas tamb\u00e9m poder\u00e3o ilustrar a Agenda ADUFPB 2015 e o Calend\u00e1rio de Mesa 2015 do Sindicato, duas publica\u00e7\u00f5es produzidas pela entidade e distribu\u00eddas gratuitamente aos professores.<\/p>\n<p><b>Mesa de conversa sobre fotografia<\/b><\/p>\n<p>Para estimular a criatividade dos professores, a ADUFPB est\u00e1 programando para este m\u00eas uma mesa de conversa sobre fotografia com profissionais da \u00e1rea. A proposta \u00e9 trocar ideais sobre o fazer fotogr\u00e1fico, t\u00e9cnicas e leitura de imagens.\u00a0 A atividade ser\u00e1 realizada na Sala de Leitura da sede da ADUFPB, no Centro de Viv\u00eancia do campus I, em data a ser definida.<\/p>\n<p><b>\u201cOlhares sobre a Para\u00edba\u201d<\/b><\/p>\n<p>Este ano, o tema do 3\u00ba Concurso de Fotografia \u00e9 \u201cOlhares sobre a Para\u00edba\u201d. Ser\u00e3o aceitas imagens feitas exclusivamente em territ\u00f3rio paraibano, identificadas com legenda na ficha de inscri\u00e7\u00e3o sobre o local, o munic\u00edpio ou a regi\u00e3o do Estado onde ela foi realizada.<\/p>\n<p>As possibilidades de cria\u00e7\u00e3o s\u00e3o in\u00fameras. O meio ambiente e a natureza, as atividades sociais, art\u00edsticas e culturais, as paisagens, e o patrim\u00f4nio hist\u00f3rico e tur\u00edstico do Estado da Para\u00edba s\u00e3o alguns exemplos de temas que podem ser explorados pelos fot\u00f3grafos.<\/p>\n<p>O concurso \u00e9 destinado exclusivamente aos docentes da ativa ou aposentados da Universidade Federal da Para\u00edba (UFPB), filiados \u00e0 ADUFPB, com atua\u00e7\u00e3o nos campi de Jo\u00e3o Pessoa, Bananeiras, Areia e Litoral Norte.<\/p>\n<p><b>Poemas para a agenda<\/b><\/p>\n<p>Os professores tamb\u00e9m podem colaborar com a Agenda ADUFPB 2014 encaminhando poemas e frases de autoria pr\u00f3pria at\u00e9 o dia 30 de agosto para o e-mail adufpb@gmail.com.<\/p>\n<p>Cada docente pode participar com at\u00e9 tr\u00eas poemas ou frases. Os poemas devem ser curtos (em fun\u00e7\u00e3o dos espa\u00e7os dispon\u00edveis na agenda) e todo o material precisa ser enviado em formato digital por e-mail. A previs\u00e3o \u00e9 de que a Agenda ADUFPB 2015 comece a ser distribu\u00edda no m\u00eas de dezembro.<\/p>\n<p><em>Fonte: Ascom ADUFPB<\/em><\/p>\n<p><em>\u00a0<\/em><\/p>\n<div><\/div>\n","protected":false},"excerpt":{"rendered":"<p>Ainda d\u00e1 tempo de participar da terceira edi\u00e7\u00e3o do Concurso Cultural de Fotografia da ADUFPB. As inscri\u00e7\u00f5es s\u00e3o abertas aos professores sindicalizados e encerram-se no dia 31 de agosto, pr\u00f3ximo domingo. A fotografia vencedora ser\u00e1 capa da Agenda ADUFPB 2015 e o autor da imagem ganhar\u00e1 um tablet Samsung Galaxy, com tela de 10,1 polegadas,&hellip;<\/p>\n","protected":false},"author":3,"featured_media":9556,"comment_status":"closed","ping_status":"closed","sticky":false,"template":"","format":"standard","meta":{"footnotes":""},"categories":[15],"tags":[276,277,251,237],"class_list":["post-9553","post","type-post","status-publish","format-standard","has-post-thumbnail","hentry","category-noticias","tag-agenda-adufpb","tag-calendario-adufpb","tag-concurso-de-fotografia","tag-concurso-fotografico","category-15","description-off"],"_links":{"self":[{"href":"https:\/\/www.adufpb.org.br\/site\/wp-json\/wp\/v2\/posts\/9553","targetHints":{"allow":["GET"]}}],"collection":[{"href":"https:\/\/www.adufpb.org.br\/site\/wp-json\/wp\/v2\/posts"}],"about":[{"href":"https:\/\/www.adufpb.org.br\/site\/wp-json\/wp\/v2\/types\/post"}],"author":[{"embeddable":true,"href":"https:\/\/www.adufpb.org.br\/site\/wp-json\/wp\/v2\/users\/3"}],"replies":[{"embeddable":true,"href":"https:\/\/www.adufpb.org.br\/site\/wp-json\/wp\/v2\/comments?post=9553"}],"version-history":[{"count":2,"href":"https:\/\/www.adufpb.org.br\/site\/wp-json\/wp\/v2\/posts\/9553\/revisions"}],"predecessor-version":[{"id":9555,"href":"https:\/\/www.adufpb.org.br\/site\/wp-json\/wp\/v2\/posts\/9553\/revisions\/9555"}],"wp:featuredmedia":[{"embeddable":true,"href":"https:\/\/www.adufpb.org.br\/site\/wp-json\/wp\/v2\/media\/9556"}],"wp:attachment":[{"href":"https:\/\/www.adufpb.org.br\/site\/wp-json\/wp\/v2\/media?parent=9553"}],"wp:term":[{"taxonomy":"category","embeddable":true,"href":"https:\/\/www.adufpb.org.br\/site\/wp-json\/wp\/v2\/categories?post=9553"},{"taxonomy":"post_tag","embeddable":true,"href":"https:\/\/www.adufpb.org.br\/site\/wp-json\/wp\/v2\/tags?post=9553"}],"curies":[{"name":"wp","href":"https:\/\/api.w.org\/{rel}","templated":true}]}}