{"id":9550,"date":"2014-08-22T19:27:50","date_gmt":"2014-08-22T23:27:50","guid":{"rendered":"http:\/\/www.adufpb.org.br\/site\/?p=9550"},"modified":"2014-08-22T19:27:50","modified_gmt":"2014-08-22T23:27:50","slug":"plenaria-de-conjuntura-do-59o-conad-discute-os-desafios-do-movimento-docente","status":"publish","type":"post","link":"https:\/\/www.adufpb.org.br\/site\/plenaria-de-conjuntura-do-59o-conad-discute-os-desafios-do-movimento-docente\/","title":{"rendered":"Plen\u00e1ria de Conjuntura do 59\u00ba Conad discute os desafios do movimento docente"},"content":{"rendered":"<p><span style=\"font-size: 14px;\"><a href=\"http:\/\/www.adufpb.org.br\/site\/wp-content\/uploads\/2014\/08\/conad.jpg\"><img loading=\"lazy\" decoding=\"async\" class=\"alignleft size-medium wp-image-9551\" alt=\"conad\" src=\"http:\/\/www.adufpb.org.br\/site\/wp-content\/uploads\/2014\/08\/conad-300x200.jpg\" width=\"300\" height=\"200\" srcset=\"https:\/\/www.adufpb.org.br\/site\/wp-content\/uploads\/2014\/08\/conad-300x200.jpg 300w, https:\/\/www.adufpb.org.br\/site\/wp-content\/uploads\/2014\/08\/conad.jpg 450w\" sizes=\"auto, (max-width: 300px) 100vw, 300px\" \/><\/a>Os participantes do 59\u00ba Conad debateram, no fim da tarde de quinta (21), a conjuntura pol\u00edtica atual e os desafios. Durante as interven\u00e7\u00f5es, ficou evidente a preocupa\u00e7\u00e3o com a defesa da Educa\u00e7\u00e3o P\u00fablica, refor\u00e7ando e ampliando para outros setores a unidade nessa luta. O Encontro Nacional de Educa\u00e7\u00e3o (ENE), que aconteceu no Rio de Janeiro no in\u00edcio de agosto, foi destacado em v\u00e1rias falas. Muitos consideraram uma vit\u00f3ria a realiza\u00e7\u00e3o, ap\u00f3s mais de uma d\u00e9cada, de um encontro que reuni setores representativos da classe trabalhadora e da juventude para projetar lutas.<\/span><\/p>\n<p>O acirramento da crise econ\u00f4mica, que tem efeito direto na retirada de direitos da classe trabalhadora, e os conflitos internacionais, com destaque para o genoc\u00eddio do povo palestino, tamb\u00e9m foram destaques nas falas dos participantes.<\/p>\n<p>O presidente do ANDES-SN, Paulo Rizzo, lembrou que a an\u00e1lise de conjuntura est\u00e1 diretamente relacionada \u00e0 centralidade da luta do Sindicato Nacional, aprovada durante o 33\u00ba Congresso realizado em S\u00e3o Luis (MA), em fevereiro deste ano, justamente em raz\u00e3o dos ataques \u00e0 educa\u00e7\u00e3o p\u00fablica.<\/p>\n<p>A centralidade da luta al\u00e9m de expressar a intransigente defesa da educa\u00e7\u00e3o p\u00fablica com financiamento p\u00fablico, tamb\u00e9m se volta para a desmercantiliza\u00e7\u00e3o da educa\u00e7\u00e3o e melhorias das condi\u00e7\u00f5es de trabalho e sal\u00e1rio para os professores.<\/p>\n<p>A criminaliza\u00e7\u00e3o dos movimentos, com destaque para persegui\u00e7\u00f5es e proibi\u00e7\u00f5es de utiliza\u00e7\u00e3o de espa\u00e7os p\u00fablicos para atividades relacionadas \u00e0 defesa da educa\u00e7\u00e3o p\u00fablica tamb\u00e9m foram citados por Rizzo. O exemplo mais recente foi o Encontro Nacional de Educa\u00e7\u00e3o (ENE), ocorrido de 8 a 10 de agosto, no Rio, em que, na v\u00e9spera de sua realiza\u00e7\u00e3o, os governos federal, estadual e municipal proibiram a utiliza\u00e7\u00e3o de escolas para serem espa\u00e7os de discuss\u00e3o dos grupos de trabalho, bem como voltaram atr\u00e1s em ceder locais para instala\u00e7\u00e3o dos participantes que iriam acampar.<\/p>\n<p>\u201cO que est\u00e1 posto \u00e9 um processo de mercantiliza\u00e7\u00e3o da educa\u00e7\u00e3o, de garantia do lucro das grandes corpora\u00e7\u00f5es em contrapartida \u00e0 retirada de direitos. \u00c9 isso que enfrentamos e qualquer tentativa de barrar esse processo ser\u00e1 atacada\u201d, refor\u00e7ou Rizzo. Ele ressaltou a import\u00e2ncia da realiza\u00e7\u00e3o do ENE, considerando o encontro \u201cum pequeno grande passo\u201d na unifica\u00e7\u00e3o e fortalecimento da luta em defesa da educa\u00e7\u00e3o p\u00fablica.<\/p>\n<p>A den\u00fancia sobre o ataque \u00e0 autonomia os movimentos sindicais tamb\u00e9m foi feita pelo professor M\u00e1rcio de Oliveira, ex-diretor do ANDES-SN, principalmente com o acirramento da judicializa\u00e7\u00e3o das greves. Em sua fala, Oliveira corroborou o texto sobre conjuntura apresentado pela diretoria do ANDES-SN para debate no 59\u00ba Conad. A an\u00e1lise aponta a crescente mobiliza\u00e7\u00e3o dos trabalhadores, com a realiza\u00e7\u00e3o de 873 greves no ano de 2012 \u2013 maior ascens\u00e3o da luta desde 1996.<\/p>\n<p>Francisco Miraglia, da Adusp Se\u00e7\u00e3o Sindical, tamb\u00e9m destacou os ataques dos governos aos movimentos grevistas e citou a atual greve das universidades estaduais paulistas, onde v\u00e1rias estrat\u00e9gias de repress\u00e3o est\u00e3o em curso com o objetivo de intimidar o movimento. Miraglia chamou a aten\u00e7\u00e3o dos presentes tamb\u00e9m para o processo de tentativa de privatiza\u00e7\u00e3o da USP, projeto que, segundo o docente, tende a ser estendido a outros setores. Segundo ele, o ataque \u00e0 USP, \u00e9 muito mais abrangente, pois atinge em cheio todas as universidades p\u00fablicas.<\/p>\n<p><strong>59\u00aa Conad<\/strong><\/p>\n<p>Al\u00e9m de marcar a posse da nova Diretoria que estar\u00e1 \u00e0 frente do ANDES-SN nos pr\u00f3ximos dois anos, o 59\u00ba Conad tem como objetivo atualizar o plano de lutas do Sindicato Nacional aprovado para 2014, a partir do tema central \u201cLuta em defesa da educa\u00e7\u00e3o: autonomia da universidade, 10% do PIB exclusivamente para a educa\u00e7\u00e3o p\u00fablica\u201d, e exercer o papel de conselho fiscal. O encontro teve in\u00edcio na quinta (21) e acontece at\u00e9 domingo (24), em Aracaju (SE).<\/p>\n<p><strong>N\u00fameros<\/strong><\/p>\n<p>O 59\u00ba Conad re\u00fane 202 participantes de 58 se\u00e7\u00f5es sindicais, sendo 46 delegados e 117 observadores, al\u00e9m 33 diretores e seis convidados.<\/p>\n<p><em>* com informa\u00e7\u00f5es de Fritz Nunes (Sedufsm) e Silvana S\u00e1 (Adufrj)<\/em><\/p>\n<p><em>Fonte: ANDES-SN<\/em><\/p>\n","protected":false},"excerpt":{"rendered":"<p>Os participantes do 59\u00ba Conad debateram, no fim da tarde de quinta (21), a conjuntura pol\u00edtica atual e os desafios. Durante as interven\u00e7\u00f5es, ficou evidente a preocupa\u00e7\u00e3o com a defesa da Educa\u00e7\u00e3o P\u00fablica, refor\u00e7ando e ampliando para outros setores a unidade nessa luta. O Encontro Nacional de Educa\u00e7\u00e3o (ENE), que aconteceu no Rio de Janeiro&hellip;<\/p>\n","protected":false},"author":3,"featured_media":0,"comment_status":"closed","ping_status":"closed","sticky":false,"template":"","format":"standard","meta":{"footnotes":""},"categories":[15],"tags":[164],"class_list":["post-9550","post","type-post","status-publish","format-standard","hentry","category-noticias","tag-conad","category-15","description-off"],"_links":{"self":[{"href":"https:\/\/www.adufpb.org.br\/site\/wp-json\/wp\/v2\/posts\/9550","targetHints":{"allow":["GET"]}}],"collection":[{"href":"https:\/\/www.adufpb.org.br\/site\/wp-json\/wp\/v2\/posts"}],"about":[{"href":"https:\/\/www.adufpb.org.br\/site\/wp-json\/wp\/v2\/types\/post"}],"author":[{"embeddable":true,"href":"https:\/\/www.adufpb.org.br\/site\/wp-json\/wp\/v2\/users\/3"}],"replies":[{"embeddable":true,"href":"https:\/\/www.adufpb.org.br\/site\/wp-json\/wp\/v2\/comments?post=9550"}],"version-history":[{"count":1,"href":"https:\/\/www.adufpb.org.br\/site\/wp-json\/wp\/v2\/posts\/9550\/revisions"}],"predecessor-version":[{"id":9552,"href":"https:\/\/www.adufpb.org.br\/site\/wp-json\/wp\/v2\/posts\/9550\/revisions\/9552"}],"wp:attachment":[{"href":"https:\/\/www.adufpb.org.br\/site\/wp-json\/wp\/v2\/media?parent=9550"}],"wp:term":[{"taxonomy":"category","embeddable":true,"href":"https:\/\/www.adufpb.org.br\/site\/wp-json\/wp\/v2\/categories?post=9550"},{"taxonomy":"post_tag","embeddable":true,"href":"https:\/\/www.adufpb.org.br\/site\/wp-json\/wp\/v2\/tags?post=9550"}],"curies":[{"name":"wp","href":"https:\/\/api.w.org\/{rel}","templated":true}]}}