{"id":9543,"date":"2014-08-22T19:24:42","date_gmt":"2014-08-22T23:24:42","guid":{"rendered":"http:\/\/www.adufpb.org.br\/site\/?p=9543"},"modified":"2014-08-22T19:24:42","modified_gmt":"2014-08-22T23:24:42","slug":"emocao-e-posse-da-nova-diretoria-do-andes-sn-marcam-abertura-do-59o-conad","status":"publish","type":"post","link":"https:\/\/www.adufpb.org.br\/site\/emocao-e-posse-da-nova-diretoria-do-andes-sn-marcam-abertura-do-59o-conad\/","title":{"rendered":"Emo\u00e7\u00e3o e posse da nova diretoria do ANDES-SN marcam abertura do 59\u00ba Conad"},"content":{"rendered":"<p><span style=\"font-size: 14px;\"><a href=\"http:\/\/www.adufpb.org.br\/site\/wp-content\/uploads\/2014\/08\/abertura-conad.jpg\"><img loading=\"lazy\" decoding=\"async\" class=\"alignleft size-medium wp-image-9544\" alt=\"abertura conad\" src=\"http:\/\/www.adufpb.org.br\/site\/wp-content\/uploads\/2014\/08\/abertura-conad-300x156.jpg\" width=\"300\" height=\"156\" srcset=\"https:\/\/www.adufpb.org.br\/site\/wp-content\/uploads\/2014\/08\/abertura-conad-300x156.jpg 300w, https:\/\/www.adufpb.org.br\/site\/wp-content\/uploads\/2014\/08\/abertura-conad.jpg 500w\" sizes=\"auto, (max-width: 300px) 100vw, 300px\" \/><\/a>A posse da diretoria que estar\u00e1 \u00e0 frente do ANDES-SN nos pr\u00f3ximos dois anos marcou a Plen\u00e1ria de Abertura do 59\u00ba Conad, que aconteceu na manh\u00e3 desta quinta-feira (21), em Aracaju (SE). O discurso de encerramento da gest\u00e3o, proferido por Marinalva Oliveira, presidente da entidade no per\u00edodo 2012\/2014, e a homenagem prestada ao ex-diretor M\u00e1rcio de Oliveira emocionaram os 190 participantes j\u00e1 credenciados no encontro.<\/span><\/p>\n<p>Antes da abertura da plen\u00e1ria, o grupo Samba de Pareia da comunidade quilombola da Mussuca, de Laranjeiras (SE), apresentou um pouco da cultura tradicional sergipana.<\/p>\n<p>A mesa foi composta por membros da atual diretoria e da anterior e por representa\u00e7\u00f5es do Sinasefe, da Anel, do Dieese, da CSP-Conlutas, da Adufs \u2013 Se\u00e7\u00e3o Sindical do ANDES-SN, do Sintufs e do DCE da UFS.<\/p>\n<p>Ao se despedir da presid\u00eancia, Marinalva elencou os desafios enfrentados pela diretoria, que assumiu o Sindicato Nacional em meio \u00e0s fortes greves protagonizadas pelo Setor das Federais e por v\u00e1rias universidades estaduais, al\u00e9m da maior greve unificada dos servidores p\u00fablicos federais da \u00faltima d\u00e9cada.<\/p>\n<p>\u201cNessa conjuntura, o ANDES-SN ainda enfrentou um quadro adverso no que se refere \u00e0 sua organiza\u00e7\u00e3o sindical, tema este enfrentado pelo sindicato nacional em conjunto com a categoria, resultando em intensifica\u00e7\u00e3o de nossa inser\u00e7\u00e3o e a\u00e7\u00e3o na categoria, associadas \u00e0s altera\u00e7\u00f5es estatut\u00e1rias para permitir uma participa\u00e7\u00e3o e maior presen\u00e7a de segmentos da categoria docente no SN. Tamb\u00e9m avan\u00e7amos em a\u00e7\u00f5es jur\u00eddicas na defesa da legitimidade e legalidade do ANDES-SN, a categoria respondeu com organiza\u00e7\u00e3o e disposi\u00e7\u00e3o pol\u00edtica ao desafio de consolidar o SN na base, inclusive nas disputas locais com representa\u00e7\u00e3o oficial do governo na categoria\u201d, ressaltou.<\/p>\n<p>A ex-presidente do Sindicato Nacional destacou a atua\u00e7\u00e3o dos grupos de trabalho da entidade, que contribu\u00edram para a a\u00e7\u00e3o da diretoria, com a elabora\u00e7\u00e3o e aprofundamento do debate de quest\u00f5es centrais a luta do ANDES-SN em defesa dos direitos sociais.<\/p>\n<p>Marinalva pontuou que, ao t\u00e9rmino da gest\u00e3o num per\u00edodo em que os docentes e a classe trabalhadora em geral travaram v\u00e1rias lutas, amargando algumas derrotas, e enfrentando o acirramento da repress\u00e3o aos movimentos sociais, foi uma grande conquista a realiza\u00e7\u00e3o do Encontro Nacional de Educa\u00e7\u00e3o (ENE), do qual o ANDES-SN, atrav\u00e9s da base e da sua dire\u00e7\u00e3o, foi protagonista. Ela enfatizou a necessidade de dar encaminhamento \u00e0s a\u00e7\u00f5es apontadas no ENE, para fortalecer a luta em torno de um projeto de educa\u00e7\u00e3o voltado aos interesses da classe trabalhadora.<\/p>\n<p>\u201cA Diretoria 2012-2014 cumpriu a sua tarefa e deseja \u00e0 pr\u00f3xima gest\u00e3o sucesso no seu trabalho. Continuar\u00e3o, alguns membros desta diretoria na pr\u00f3xima gest\u00e3o e outros, como militantes de base, firmes na trincheira de defesa do nosso sindicato, no apoio \u00e0s pol\u00edticas em prol dos trabalhadores e na defesa intransigente dos interesses dos docentes e do car\u00e1ter p\u00fablico e gratuito e democr\u00e1tico das IES. Mas nossa luta segue. \u00c9 necess\u00e1rio enfrentar os obst\u00e1culos que t\u00eam atacado nosso projeto de sindicato de todos os docentes das IES; saberemos dar curso a esta luta\u201d, concluiu.<\/p>\n<p>Na sequ\u00eancia, foram empossados os 83 membros da diretoria para o bi\u00eanio 2014\/2016. Paulo Rizzo, que assumiu a presid\u00eancia do Sindicato Nacional, ressaltou a import\u00e2ncia desse Conad na atualiza\u00e7\u00e3o do plano de lutas, no momento em que se discute repensar o processo organizativo da entidade.<\/p>\n<p>Rizzo lembrou que o ANDES-SN n\u00e3o \u00e9 um sindicato pronto e que est\u00e1 em constante processo de reorganiza\u00e7\u00e3o, diante dos novos desafios e ataques impostos a categoria docente, com a mercantiliza\u00e7\u00e3o e monopoliza\u00e7\u00e3o da educa\u00e7\u00e3o, que exp\u00f5e os docentes \u00e0 situa\u00e7\u00f5es aviltantes de explora\u00e7\u00e3o da sua for\u00e7a trabalho.<\/p>\n<p><a href=\"http:\/\/www.adufpb.org.br\/site\/wp-content\/uploads\/2014\/08\/abertura-conad-2.jpg\"><img loading=\"lazy\" decoding=\"async\" class=\"alignright size-medium wp-image-9545\" alt=\"abertura conad 2\" src=\"http:\/\/www.adufpb.org.br\/site\/wp-content\/uploads\/2014\/08\/abertura-conad-2-300x200.jpg\" width=\"300\" height=\"200\" srcset=\"https:\/\/www.adufpb.org.br\/site\/wp-content\/uploads\/2014\/08\/abertura-conad-2-300x200.jpg 300w, https:\/\/www.adufpb.org.br\/site\/wp-content\/uploads\/2014\/08\/abertura-conad-2.jpg 450w\" sizes=\"auto, (max-width: 300px) 100vw, 300px\" \/><\/a>\u201cTeremos quatro dias de discuss\u00e3o pela frente para atualizar nosso plano de lutas, aprofundar o debate e repensar a organiza\u00e7\u00e3o da nossa entidade. Declaro aberto o 59\u00aa Conad\u201d, disse o novo presidente do ANDES-SN.<\/p>\n<p>Homenagem<\/p>\n<p>Um dos momentos mais emocionantes da abertura do 59\u00ba Conad, que at\u00e9 o in\u00edcio da tarde desta quinta, contava com um total de 190 participantes, foi a homenagem feita ao secret\u00e1rio-geral que deixava o cargo, professor M\u00e1rcio Ant\u00f4nio de Oliveira (Apes-JF), que j\u00e1 presidiu a entidade e \u00e9 uma destacada refer\u00eancia no movimento docente.<\/p>\n<p>Para Paulo Rizzo, que coordenou a homenagem, o momento simbolizou n\u00e3o somente um agradecimento de todos que estavam deixando suas fun\u00e7\u00f5es na diretoria, mas tamb\u00e9m daqueles que estavam chegando. Conforme Rizzo, a hist\u00f3ria de M\u00e1rcio de Oliveira se confunde com a pr\u00f3pria hist\u00f3ria do ANDES-SN e sublinhou que o sindicato passa por uma renova\u00e7\u00e3o em seus quadros, mas sem perder a refer\u00eancia hist\u00f3rica.<\/p>\n<p>Para o presidente, que foi empossado junto com o total de 83 diretores na manh\u00e3 desta quinta-feira, o ANDES-SN precisa dar continuidade ao seu papel hist\u00f3rico e que para isso, se faz necess\u00e1rio refletir sobre a organiza\u00e7\u00e3o pol\u00edtica, o que acontecer\u00e1 durante o 59\u00ba Conad, que acontece at\u00e9 domingo (24). Assista <a href=\"https:\/\/www.youtube.com\/watch?v=Eo7cgXWSHaU&amp;feature=youtu.be\" target=\"_blank\">aqui<\/a> o v\u00eddeo que resume a abertura do 59\u00ba Conad.<\/p>\n<p><a href=\"http:\/\/goo.gl\/NT6rqw\" target=\"_blank\">&#8211; Confira aqui a edi\u00e7\u00e3o n\u00ba1 do Informandes especial do 59\u00ba Conad.<\/a><\/p>\n<p><em>Fonte: ANDES-SN<\/em><\/p>\n","protected":false},"excerpt":{"rendered":"<p>A posse da diretoria que estar\u00e1 \u00e0 frente do ANDES-SN nos pr\u00f3ximos dois anos marcou a Plen\u00e1ria de Abertura do 59\u00ba Conad, que aconteceu na manh\u00e3 desta quinta-feira (21), em Aracaju (SE). O discurso de encerramento da gest\u00e3o, proferido por Marinalva Oliveira, presidente da entidade no per\u00edodo 2012\/2014, e a homenagem prestada ao ex-diretor M\u00e1rcio&hellip;<\/p>\n","protected":false},"author":3,"featured_media":0,"comment_status":"closed","ping_status":"closed","sticky":false,"template":"","format":"standard","meta":{"footnotes":""},"categories":[15],"tags":[164],"class_list":["post-9543","post","type-post","status-publish","format-standard","hentry","category-noticias","tag-conad","category-15","description-off"],"_links":{"self":[{"href":"https:\/\/www.adufpb.org.br\/site\/wp-json\/wp\/v2\/posts\/9543","targetHints":{"allow":["GET"]}}],"collection":[{"href":"https:\/\/www.adufpb.org.br\/site\/wp-json\/wp\/v2\/posts"}],"about":[{"href":"https:\/\/www.adufpb.org.br\/site\/wp-json\/wp\/v2\/types\/post"}],"author":[{"embeddable":true,"href":"https:\/\/www.adufpb.org.br\/site\/wp-json\/wp\/v2\/users\/3"}],"replies":[{"embeddable":true,"href":"https:\/\/www.adufpb.org.br\/site\/wp-json\/wp\/v2\/comments?post=9543"}],"version-history":[{"count":1,"href":"https:\/\/www.adufpb.org.br\/site\/wp-json\/wp\/v2\/posts\/9543\/revisions"}],"predecessor-version":[{"id":9546,"href":"https:\/\/www.adufpb.org.br\/site\/wp-json\/wp\/v2\/posts\/9543\/revisions\/9546"}],"wp:attachment":[{"href":"https:\/\/www.adufpb.org.br\/site\/wp-json\/wp\/v2\/media?parent=9543"}],"wp:term":[{"taxonomy":"category","embeddable":true,"href":"https:\/\/www.adufpb.org.br\/site\/wp-json\/wp\/v2\/categories?post=9543"},{"taxonomy":"post_tag","embeddable":true,"href":"https:\/\/www.adufpb.org.br\/site\/wp-json\/wp\/v2\/tags?post=9543"}],"curies":[{"name":"wp","href":"https:\/\/api.w.org\/{rel}","templated":true}]}}