{"id":9478,"date":"2014-08-08T23:34:20","date_gmt":"2014-08-09T03:34:20","guid":{"rendered":"http:\/\/www.adufpb.org.br\/site\/?p=9478"},"modified":"2014-08-10T08:34:17","modified_gmt":"2014-08-10T12:34:17","slug":"candidato-a-presidencia-pelo-pcb-participara-de-debate-na-adufpb","status":"publish","type":"post","link":"https:\/\/www.adufpb.org.br\/site\/candidato-a-presidencia-pelo-pcb-participara-de-debate-na-adufpb\/","title":{"rendered":"Candidato \u00e0 presid\u00eancia pelo PCB participar\u00e1 de debate na ADUFPB"},"content":{"rendered":"<p>O candidato \u00e0 presid\u00eancia da Rep\u00fablica pelo PCB nas elei\u00e7\u00f5es deste ano, Mauro Iasi, estar\u00e1 em Jo\u00e3o Pessoa na pr\u00f3xima ter\u00e7a-feira (12\/8) e participar\u00e1 de um debate, a partir das 14h, na sede da ADUFPB, localizada no Centro de Viv\u00eancia do campus I. Iasi \u00e9 ex-presidente da ADUFRJ e ir\u00e1 falar sobre o tema &#8220;Desafios da Universidade P\u00fablica Brasileira&#8221;. A atividade \u00e9 aberta a toda a comunidade.<\/p>\n<p>Pela manh\u00e3, Iasi far\u00e1 visita ao acampamento do Movimento dos Trabalhadores Sem-Terra (MST) Vanderley Caixe, no munic\u00edpio de Goiana (PE), onde participar\u00e1 de um debate com os acampados e com\u00a0 a Dire\u00e7\u00e3o Estadual do MST.<\/p>\n<p>Das 16h30 \u00e0s 18h, ele estar\u00e1 dispon\u00edvel para atender \u00e0 imprensa. Ser\u00e1 disponibilizado um local para entrevistas no hotel onde o candidato estar\u00e1 hospedado.<\/p>\n<p>J\u00e1 a partir das 18h30, Mauro Iasi participar\u00e1 do debate \u201cConjuntura Internacional e os desafios para a constru\u00e7\u00e3o do Poder Popular no Brasil\u201d, no Audit\u00f3rio \u201cA\u201d da Central de Aulas da UFPB, localizada no campus I, em Jo\u00e3o Pessoa.<\/p>\n<p>Confira abaixo o cronograma de atividades.<\/p>\n<p align=\"center\"><b>\u00a0<\/b><\/p>\n<p align=\"center\"><b>Cronograma da visita<\/b><\/p>\n<p>O Partido Comunista Brasileiro (PCB), atrav\u00e9s do Comit\u00ea Regional da Para\u00edba, vem por meio deste informar a agenda de seu candidato \u00e0 presid\u00eancia da Rep\u00fablica, Mauro Lu\u00eds Iasi, que se encontrar\u00e1 no estado no dia 12\/08 do corrente ano.<\/p>\n<ul>\n<li><b>00:00 h<\/b> &#8211; <b>Recep\u00e7\u00e3o<\/b> no aeroporto Castro Pinto (milit\u00e2ncia do partido e convidados);<\/li>\n<li><b>07:00 \u00e0s 8:00\u00a0h<\/b> &#8211; <b>Entrevista\u00a0em R\u00e1dio<\/b> (ainda a confirmar);<\/li>\n<li><b>09:00 \u00e0s 10:00 h<\/b> &#8211; <b>Visita ao Acampamento do MST Vanderley Caixe<\/b> (munic\u00edpio de Goiana);<\/li>\n<li><b>10:00 \u00e0s 11:00 h<\/b> &#8211; <b>Debate:<\/b> <b>A luta pela terra e a constru\u00e7\u00e3o do Poder Popular<\/b> (debate a ser realizado no Acampamento Vanderley Caixe, com acampados e Dire\u00e7\u00e3o Estadual do MST, transmitido pela r\u00e1dio difusora\u00a0\u00e0 toda \u00e1rea do\u00a0acampamento);<\/li>\n<li><b>11:30 \u00e0s 13:00 h<\/b> &#8211; <b>Almo\u00e7o<\/b>\u00a0(oferecido pelo MST, a ser realizado no acampamento, contando com militantes do partido, convidados, acampados Dire\u00e7\u00e3o Estadual do MST);<\/li>\n<li><b>14:00 &#8211; 16:00 h<\/b> &#8211; <b>Debate na ADUFPB<\/b>\u00a0(Associa\u00e7\u00e3o dos Docentes da Universidade Federal da Para\u00edba): <b>Os desafios da universidade p\u00fablica brasileira<\/b> (local: sede administrativa da ADUFPB &#8211; Centro de Viv\u00eancias da UFPB; aberto \u00e0 toda a comunidade universit\u00e1ria);<\/li>\n<li><b>16:30 \u00e0s 18:00 h<\/b> &#8211; Hor\u00e1rio dispon\u00edvel para <b>Atendimento \u00e0 Imprensa<\/b> (ser\u00e1 disponibilizado espa\u00e7o para entrevista no hotel\u00a0onde o candidato estar\u00e1 hospedado: Verde Mar Pousada &#8211; Av. Jo\u00e3o Maur\u00edcio\/Av. Beira Mar, n\u00ba 293, Bairro Mana\u00edra, Jo\u00e3o Pessoa-PB);<\/li>\n<li><b>18:30 &#8211; 20:30 h<\/b> &#8211; <b>Debate:<\/b>\u00a0<b>Conjuntura Internacional e os desafios para a constru\u00e7\u00e3o do Poder Popular no Brasil<\/b> (local: Audit\u00f3rio \u201cA\u201d na Central de Aulas da UFPB);<\/li>\n<li><b>20:30 &#8211; 00:00 h<\/b>\u00a0\u2013 Atividade Cultural: <b>Sarau pelo Poder Popular<\/b> (local: Sede Social da ADUFPB: Rua Gilvan Muribeca, n\u00ba 88, Bairro Cabo Branco, Jo\u00e3o Pessoa-PB).<\/li>\n<\/ul>\n<p>&nbsp;<\/p>\n<p><a href=\"http:\/\/www.adufpb.org.br\/site\/wp-content\/uploads\/2014\/08\/DEBATE-ADUFPB.jpg\"><img loading=\"lazy\" decoding=\"async\" class=\"aligncenter size-full wp-image-9479\" alt=\"DEBATE ADUFPB\" src=\"http:\/\/www.adufpb.org.br\/site\/wp-content\/uploads\/2014\/08\/DEBATE-ADUFPB.jpg\" width=\"808\" height=\"899\" srcset=\"https:\/\/www.adufpb.org.br\/site\/wp-content\/uploads\/2014\/08\/DEBATE-ADUFPB.jpg 808w, https:\/\/www.adufpb.org.br\/site\/wp-content\/uploads\/2014\/08\/DEBATE-ADUFPB-269x300.jpg 269w\" sizes=\"auto, (max-width: 808px) 100vw, 808px\" \/><\/a><\/p>\n","protected":false},"excerpt":{"rendered":"<p>O candidato \u00e0 presid\u00eancia da Rep\u00fablica pelo PCB nas elei\u00e7\u00f5es deste ano, Mauro Iasi, estar\u00e1 em Jo\u00e3o Pessoa na pr\u00f3xima ter\u00e7a-feira (12\/8) e participar\u00e1 de um debate, a partir das 14h, na sede da ADUFPB, localizada no Centro de Viv\u00eancia do campus I. Iasi \u00e9 ex-presidente da ADUFRJ e ir\u00e1 falar sobre o tema &#8220;Desafios&hellip;<\/p>\n","protected":false},"author":3,"featured_media":0,"comment_status":"closed","ping_status":"closed","sticky":false,"template":"","format":"standard","meta":{"footnotes":""},"categories":[15],"tags":[],"class_list":["post-9478","post","type-post","status-publish","format-standard","hentry","category-noticias","category-15","description-off"],"_links":{"self":[{"href":"https:\/\/www.adufpb.org.br\/site\/wp-json\/wp\/v2\/posts\/9478","targetHints":{"allow":["GET"]}}],"collection":[{"href":"https:\/\/www.adufpb.org.br\/site\/wp-json\/wp\/v2\/posts"}],"about":[{"href":"https:\/\/www.adufpb.org.br\/site\/wp-json\/wp\/v2\/types\/post"}],"author":[{"embeddable":true,"href":"https:\/\/www.adufpb.org.br\/site\/wp-json\/wp\/v2\/users\/3"}],"replies":[{"embeddable":true,"href":"https:\/\/www.adufpb.org.br\/site\/wp-json\/wp\/v2\/comments?post=9478"}],"version-history":[{"count":2,"href":"https:\/\/www.adufpb.org.br\/site\/wp-json\/wp\/v2\/posts\/9478\/revisions"}],"predecessor-version":[{"id":9484,"href":"https:\/\/www.adufpb.org.br\/site\/wp-json\/wp\/v2\/posts\/9478\/revisions\/9484"}],"wp:attachment":[{"href":"https:\/\/www.adufpb.org.br\/site\/wp-json\/wp\/v2\/media?parent=9478"}],"wp:term":[{"taxonomy":"category","embeddable":true,"href":"https:\/\/www.adufpb.org.br\/site\/wp-json\/wp\/v2\/categories?post=9478"},{"taxonomy":"post_tag","embeddable":true,"href":"https:\/\/www.adufpb.org.br\/site\/wp-json\/wp\/v2\/tags?post=9478"}],"curies":[{"name":"wp","href":"https:\/\/api.w.org\/{rel}","templated":true}]}}