{"id":9396,"date":"2014-07-21T11:52:02","date_gmt":"2014-07-21T15:52:02","guid":{"rendered":"http:\/\/www.adufpb.org.br\/site\/?p=9396"},"modified":"2014-07-21T11:53:47","modified_gmt":"2014-07-21T15:53:47","slug":"morre-o-professor-jose-brendan-macdonald","status":"publish","type":"post","link":"https:\/\/www.adufpb.org.br\/site\/morre-o-professor-jose-brendan-macdonald\/","title":{"rendered":"Morre o professor Jos\u00e9 Brendan MacDonald"},"content":{"rendered":"<p><a href=\"http:\/\/www.adufpb.org.br\/site\/wp-content\/uploads\/2014\/07\/JOS\u00c9-BRENDAN-MACDONALD.jpg\"><img loading=\"lazy\" decoding=\"async\" class=\"alignleft size-full wp-image-9394\" alt=\"JOS\u00c9 BRENDAN MACDONALD\" src=\"http:\/\/www.adufpb.org.br\/site\/wp-content\/uploads\/2014\/07\/JOS\u00c9-BRENDAN-MACDONALD.jpg\" width=\"230\" height=\"284\" \/><\/a>Morreu no \u00faltimo domingo (20\/7) o professor Jos\u00e9 Brendan MacDonald, do Departamento de Economia do Centro de Ci\u00eancias Sociais Aplicadas da UFPB.\u00a0Ele apresentou complica\u00e7\u00f5es ap\u00f3s uma cirurgia do es\u00f4fago, realizada no dia 30 de junho, no Hospital da Unimed, em Jo\u00e3o Pessoa, e faleceu \u00e0s 6h do domingo.\u00a0O vel\u00f3rio foi realizado na Funer\u00e1ria S\u00e3o Jo\u00e3o Batista e o enterro aconteceu no final da tarde.<\/p>\n<p>V\u00e1rios colegas enviaram \u00e0 ADUFPB notas de solidariedade \u00e0 fam\u00edlia de Brendan, que deixa dois filhos. A professora Alice Lumi Satomi, do Departamento de Educa\u00e7\u00e3o Musical, lembrou que Jos\u00e9 Brendan MacDonald foi &#8220;o americano mais latinoamericano &#8211; no sentido mais amplo de sua conjuntura pol\u00edtica, social e econ\u00f4mica &#8211; que tive o privil\u00e9gio de conhecer, aprender e ter como amigo leal&#8221;.<\/p>\n<p>J\u00e1 o professor Gilson Melo declarou sentir-se honrado e feliz por haver compartilhado da amizade de Brendan. &#8220;Sentirei muita falta das deliciosas prosas, nas quais eram abordados os mais diversos assuntos, quando Brendan me visitava. Certamente, pessoa t\u00e3o agrad\u00e1vel, \u00edntegra, solid\u00e1ria e atuante na luta por um mundo mais justo e igualit\u00e1rio far\u00e1 muita falta na vida de cada um de n\u00f3s&#8221;.<br \/>\nEle fez votos de que os filhos do professor encontrem for\u00e7a. &#8220;Desejo sinceramente que os familiares de Brendan, principalmente seus amados filhos Ja\u00edlson e Talita, encontrem for\u00e7a e ilumina\u00e7\u00e3o para superar o dif\u00edcil momento da perda.\u00a0Nosso amado amigo partiu, mas nos deixou um legado maravilhoso&#8221;, declarou.<\/p>\n<p>Clique <a href=\"http:\/\/www.adufpb.org.br\/site\/nota-de-pesar-43\/\">aqui <\/a>para ler a nota de pesar da ADUFPB pelo falecimento de Jos\u00e9 Brendan MacDonald.<\/p>\n<p><em>Fonte: Ascom ADUFPB<\/em><\/p>\n<p>&nbsp;<\/p>\n","protected":false},"excerpt":{"rendered":"<p>Morreu no \u00faltimo domingo (20\/7) o professor Jos\u00e9 Brendan MacDonald, do Departamento de Economia do Centro de Ci\u00eancias Sociais Aplicadas da UFPB.\u00a0Ele apresentou complica\u00e7\u00f5es ap\u00f3s uma cirurgia do es\u00f4fago, realizada no dia 30 de junho, no Hospital da Unimed, em Jo\u00e3o Pessoa, e faleceu \u00e0s 6h do domingo.\u00a0O vel\u00f3rio foi realizado na Funer\u00e1ria S\u00e3o Jo\u00e3o&hellip;<\/p>\n","protected":false},"author":3,"featured_media":0,"comment_status":"closed","ping_status":"closed","sticky":false,"template":"","format":"standard","meta":{"footnotes":""},"categories":[15],"tags":[],"class_list":["post-9396","post","type-post","status-publish","format-standard","hentry","category-noticias","category-15","description-off"],"_links":{"self":[{"href":"https:\/\/www.adufpb.org.br\/site\/wp-json\/wp\/v2\/posts\/9396","targetHints":{"allow":["GET"]}}],"collection":[{"href":"https:\/\/www.adufpb.org.br\/site\/wp-json\/wp\/v2\/posts"}],"about":[{"href":"https:\/\/www.adufpb.org.br\/site\/wp-json\/wp\/v2\/types\/post"}],"author":[{"embeddable":true,"href":"https:\/\/www.adufpb.org.br\/site\/wp-json\/wp\/v2\/users\/3"}],"replies":[{"embeddable":true,"href":"https:\/\/www.adufpb.org.br\/site\/wp-json\/wp\/v2\/comments?post=9396"}],"version-history":[{"count":4,"href":"https:\/\/www.adufpb.org.br\/site\/wp-json\/wp\/v2\/posts\/9396\/revisions"}],"predecessor-version":[{"id":9400,"href":"https:\/\/www.adufpb.org.br\/site\/wp-json\/wp\/v2\/posts\/9396\/revisions\/9400"}],"wp:attachment":[{"href":"https:\/\/www.adufpb.org.br\/site\/wp-json\/wp\/v2\/media?parent=9396"}],"wp:term":[{"taxonomy":"category","embeddable":true,"href":"https:\/\/www.adufpb.org.br\/site\/wp-json\/wp\/v2\/categories?post=9396"},{"taxonomy":"post_tag","embeddable":true,"href":"https:\/\/www.adufpb.org.br\/site\/wp-json\/wp\/v2\/tags?post=9396"}],"curies":[{"name":"wp","href":"https:\/\/api.w.org\/{rel}","templated":true}]}}