{"id":9374,"date":"2014-07-16T08:55:00","date_gmt":"2014-07-16T12:55:00","guid":{"rendered":"http:\/\/www.adufpb.org.br\/site\/?p=9374"},"modified":"2014-07-16T08:55:00","modified_gmt":"2014-07-16T12:55:00","slug":"codisma-abre-inscricao-para-curso-de-aprendizagem-interativa-em-ingles-e-espanhol","status":"publish","type":"post","link":"https:\/\/www.adufpb.org.br\/site\/codisma-abre-inscricao-para-curso-de-aprendizagem-interativa-em-ingles-e-espanhol\/","title":{"rendered":"Codisma abre inscri\u00e7\u00e3o para curso de aprendizagem interativa em ingl\u00eas e espanhol"},"content":{"rendered":"<p style=\"text-align: left;\" align=\"center\">A Cooperativa Cultural Universit\u00e1ria da Para\u00edba (CODISMA) est\u00e1 com inscri\u00e7\u00f5es abertas para o curso de extens\u00e3o \u201cAprendizagem interativa em ingl\u00eas e espanhol\u201d voltado para professores de idiomas e pessoas interessadas em aprender uma nova l\u00edngua com t\u00e9cnicas que facilitam o entendimento do idioma. O curso tem dura\u00e7\u00e3o total de 20 horas\/aula e ser\u00e1 ministrado pelos professores Maria Trumbull Vi\u00f1as Cortez e Juan Carlos Vi\u00f1as Cortez.<\/p>\n<p>As aulas come\u00e7am no dia 01 de agosto e encerram no dia 25 de agosto, com entrega de certificados no dia 26. As aulas ser\u00e3o realizadas no Anexo Marcos Bot\u00ealho da\u00a0Codisma\u00a0e as inscri\u00e7\u00f5es est\u00e3o sendo realizadas na sede da Cooperativa, localizada no Campus I da UFPB. S\u00f3cios da\u00a0Codisma\u00a0possui desconto no curso.<\/p>\n<p>De acordo com Juan Cortez, o curso prop\u00f5e a import\u00e2ncia do planejamento de forma geral, \u201cpois, o professor-planejador para interagir, precisa de uma metodologia e de conhecimentos espec\u00edficos e sistem\u00e1ticos (da Lingu\u00edstica Aplicada e de outros conhecimentos) para elaborar os conte\u00fados, processos e espa\u00e7os de reflex\u00e3o, assim como, dos diversos procedimentos de aprender em distintos cen\u00e1rios de trabalho\u201d. Para ele, \u00e9 poss\u00edvel apontar in\u00fameras vantagens quando se tem um planejamento dos cursos de idiomas.<\/p>\n<p>O programa do curso abordar\u00e1 os seguintes temas: O planejamento (considera\u00e7\u00f5es e observa\u00e7\u00f5es); os papeis na a\u00e7\u00e3o da aprendizagem; o processo da aprendizagem; as vantagens; as potencialidades da aprendizagem interativa; o processo virtual; estrutura Interativa; o que \u00e9 interatividade; os fundamentos; intera\u00e7\u00e3o reativa; aprendizagem como processo; educa\u00e7\u00e3o e interatividade;<\/p>\n<p><b>Os professores<\/b><\/p>\n<p><strong>Maria Turnbull &#8211;<\/strong> Natural de Lima-Peru, \u00e9 graduada pelo instituto nacional de Comercio do Minist\u00e9rio de Educa\u00e7\u00e3o como Contadora Mercantil. Realizou estudos no Centro Latino-americano de Assessoria Empresarial \u2013 CLAE. Desempenhou atividades de T\u00e9cnico II em administra\u00e7\u00e3o pelo Sistema Nacional de Coopera\u00e7\u00e3o Popular. Desempenhou atividades de supervis\u00e3o administrativa dentro do Programa de \u201cCozinhas Populares\u201d no pal\u00e1cio da presid\u00eancia do governo peruano, mostrando alto sentido de responsabilidade na fun\u00e7\u00e3o encomendada. Trabalhou no Banco de Comercio, no departamento de servi\u00e7os cont\u00e1veis. Realizou estudos em Londres, na Brixton Bible Institute em Teologia. Realizou o curso de Health end Saftety Training na Bromley College. Realizou uma serie de viagens pela Europa e Am\u00e9rica Latina em car\u00e1ter de miss\u00f5es b\u00edblicas para comunidades carentes, desempenhando-se nas atividades de ensino b\u00edblico, atividades comunit\u00e1rias, educa\u00e7\u00e3o de crian\u00e7as e adolescentes de l\u00edngua inglesa e espanhola. Realizou estudos b\u00edblicos na Embassy of the Blessed KIngdon of Good for all Nations . Foi organizadora do programa de ensino de espanhol para crian\u00e7as no Bromley Court. Trabalhou na escola St. Joseph Catholic Primary School como professora de espanhol para crian\u00e7as e adolescentes. Realizou seus estudos de aproveitamento da gramatica para professores de espanhol pelo instituto Cervantes Londres, como tamb\u00e9m do curso de Teaching Spanish to Young Lerners, organizado pela embaixada da Espanha no Reino Unido. E participou da S\u00e9tima Conferencia para aperfei\u00e7oamento da linguagem de professores pela International House London.<\/p>\n<p><strong>Juan Carlos Vi\u00f1as Cortez \u2013<\/strong> \u00c9 Peruano, graduado em Psicologia pela Universidade Federal da Para\u00edba, especialista em Administra\u00e7\u00e3o de Recursos Humanos, mestre em Desenvolvimento e Meio Ambiente pela Universidade Federal da Para\u00edba. Doutor em Psicologia Social pela universidade Argentina John F. Kennedy. Atualmente \u00e9 professor do departamento de Psicologia da UFPB &#8211; Setor Organizacional do Trabalho, onde leciona as disciplinas: Psicologia da Sa\u00fade; Psicologia Industrial; Sele\u00e7\u00e3o e orienta\u00e7\u00e3o Profissional; Psicologia do Trabalho e Psicologia Aplicada \u00e0 Administra\u00e7\u00e3o. Tem experi\u00eancia com \u00eanfase em Psicologia Ambiental e Psicologia Organizacional do Trabalho, atuando principalmente nos seguintes temas: Toxidez Ambiental, Responsabilidade Socioambiental, Psicologia Organizacional, Sa\u00fade Ocupacional e Organiza\u00e7\u00e3o do Trabalho e Inova\u00e7\u00e3o Tecnol\u00f3gica. Autor do livro- Meio Ambiente: Trabalho, Sa\u00fade e Seguran\u00e7a (2007-2013). Professor do curso de especializa\u00e7\u00e3o em Desenvolvimento e Meio Ambiente do Programa UFPB\/UEPB e Universidade Petrobras.<\/p>\n<p>\u00c9 Inventor do Produto Gasolimp (Protetor Biodegrad\u00e1vel para bomba de gasolina e Cogerador de Energia), tendo recebido o pr\u00eamio de men\u00e7\u00e3o honrosa em tecnologias limpas no Semin\u00e1rio Internacional de Tecnologias Limpas pela UNIP \u2013 S\u00e3o Paulo em 2010. E men\u00e7\u00e3o dos melhores profissionais em\u00a0 Qualidade e inova\u00e7\u00e3o Brasil em 2014.<\/p>\n<p>Mais informa\u00e7\u00f5es sobre o curso de extens\u00e3o \u201cAprendizagem interativa em ingl\u00eas e espanhol\u201d podem adquirir indo a\u00a0Codisma\u00a0ou ligando para 3244-2161\/ 9933-2246. No Anexo Marcos Bot\u00ealho, atrav\u00e9s dos seguintes n\u00fameros: 3224-4462\/ 8820-2095\/ 8714-5614, como tamb\u00e9m, pelo e-mail:\u00a0<a href=\"mailto:codismapb@gmail.com\" target=\"_blank\">codismapb@gmail.com<\/a>\u00a0. Acessando o nosso site:\u00a0<a href=\"http:\/\/www.portalcodisma.com.br\/\" target=\"_blank\">www.portalcodisma.com.br<\/a>\u00a0, curtindo a nossa fanpage no facebook:\u00a0<a href=\"http:\/\/www.facebook.com\/codisma\" target=\"_blank\">www.facebook.com\/codisma<\/a>ou no twitter: @codismapb<\/p>\n<p>&nbsp;<\/p>\n<p><strong>CRONOGRAMA DO CURSO<\/strong><\/p>\n<table style=\"width: 612px;\" border=\"1\" cellspacing=\"0\" cellpadding=\"0\">\n<tbody>\n<tr>\n<td valign=\"top\" width=\"262\">\n<p align=\"center\"><b>CURSO DE APRENDIZAGEM INTERATIVA<\/b><\/p>\n<\/td>\n<td valign=\"top\" width=\"170\">\n<p align=\"center\"><b>ESPANHOL<\/b><\/p>\n<\/td>\n<td valign=\"top\" width=\"180\">\n<p align=\"center\"><b>INGL\u00caS<\/b><\/p>\n<\/td>\n<\/tr>\n<tr>\n<td valign=\"top\" width=\"262\">PROFESSORA<\/td>\n<td valign=\"top\" width=\"170\">MARIA TURNBULL<\/td>\n<td valign=\"top\" width=\"180\">MARIA TURNBULL<\/td>\n<\/tr>\n<tr>\n<td valign=\"top\" width=\"262\">AULAS<\/td>\n<td valign=\"top\" width=\"170\">SEGUNDAS E QUARTAS-FEIRAS<\/td>\n<td valign=\"top\" width=\"180\">SEGUNDAS E QUARTAS-FEIRAS<\/td>\n<\/tr>\n<tr>\n<td valign=\"top\" width=\"262\">HOR\u00c1RIOS<\/td>\n<td valign=\"top\" width=\"170\">08H \u00c0S 11H<\/td>\n<td valign=\"top\" width=\"180\">14H \u00c0S 17H<\/td>\n<\/tr>\n<tr>\n<td valign=\"top\" width=\"262\">LOCAL<\/td>\n<td valign=\"top\" width=\"170\">ANEXO\u00a0CODISMA<\/td>\n<td valign=\"top\" width=\"180\">ANEXO\u00a0CODISMA<\/td>\n<\/tr>\n<tr>\n<td valign=\"top\" width=\"262\">VAGAS<\/td>\n<td valign=\"top\" width=\"170\">15 ALUNOS<\/td>\n<td valign=\"top\" width=\"180\">15 ALUNOS<\/td>\n<\/tr>\n<tr>\n<td valign=\"top\" width=\"262\">IN\u00cdCIO<\/td>\n<td valign=\"top\" width=\"170\">01 DE AGOSTO<\/td>\n<td valign=\"top\" width=\"180\">01 DE AGOSTO<\/td>\n<\/tr>\n<tr>\n<td valign=\"top\" width=\"262\">TERMINO<\/td>\n<td valign=\"top\" width=\"170\">25 DE AGOSTO<\/td>\n<td valign=\"top\" width=\"180\">25 DE AGOSTO<\/td>\n<\/tr>\n<tr>\n<td valign=\"top\" width=\"262\">ENTREGA DE CERTIFICADOS<\/td>\n<td valign=\"top\" width=\"170\">26 DE AGOSTO<\/td>\n<td valign=\"top\" width=\"180\">26 DE AGOSTO<\/td>\n<\/tr>\n<\/tbody>\n<\/table>\n<p>&nbsp;<\/p>\n<p>&nbsp;<\/p>\n","protected":false},"excerpt":{"rendered":"<p>A Cooperativa Cultural Universit\u00e1ria da Para\u00edba (CODISMA) est\u00e1 com inscri\u00e7\u00f5es abertas para o curso de extens\u00e3o \u201cAprendizagem interativa em ingl\u00eas e espanhol\u201d voltado para professores de idiomas e pessoas interessadas em aprender uma nova l\u00edngua com t\u00e9cnicas que facilitam o entendimento do idioma. O curso tem dura\u00e7\u00e3o total de 20 horas\/aula e ser\u00e1 ministrado pelos&hellip;<\/p>\n","protected":false},"author":3,"featured_media":0,"comment_status":"closed","ping_status":"closed","sticky":false,"template":"","format":"standard","meta":{"footnotes":""},"categories":[15],"tags":[459,457,458],"class_list":["post-9374","post","type-post","status-publish","format-standard","hentry","category-noticias","tag-codisma","tag-curso","tag-idiomas","category-15","description-off"],"_links":{"self":[{"href":"https:\/\/www.adufpb.org.br\/site\/wp-json\/wp\/v2\/posts\/9374","targetHints":{"allow":["GET"]}}],"collection":[{"href":"https:\/\/www.adufpb.org.br\/site\/wp-json\/wp\/v2\/posts"}],"about":[{"href":"https:\/\/www.adufpb.org.br\/site\/wp-json\/wp\/v2\/types\/post"}],"author":[{"embeddable":true,"href":"https:\/\/www.adufpb.org.br\/site\/wp-json\/wp\/v2\/users\/3"}],"replies":[{"embeddable":true,"href":"https:\/\/www.adufpb.org.br\/site\/wp-json\/wp\/v2\/comments?post=9374"}],"version-history":[{"count":1,"href":"https:\/\/www.adufpb.org.br\/site\/wp-json\/wp\/v2\/posts\/9374\/revisions"}],"predecessor-version":[{"id":9375,"href":"https:\/\/www.adufpb.org.br\/site\/wp-json\/wp\/v2\/posts\/9374\/revisions\/9375"}],"wp:attachment":[{"href":"https:\/\/www.adufpb.org.br\/site\/wp-json\/wp\/v2\/media?parent=9374"}],"wp:term":[{"taxonomy":"category","embeddable":true,"href":"https:\/\/www.adufpb.org.br\/site\/wp-json\/wp\/v2\/categories?post=9374"},{"taxonomy":"post_tag","embeddable":true,"href":"https:\/\/www.adufpb.org.br\/site\/wp-json\/wp\/v2\/tags?post=9374"}],"curies":[{"name":"wp","href":"https:\/\/api.w.org\/{rel}","templated":true}]}}