{"id":9367,"date":"2014-07-11T11:07:57","date_gmt":"2014-07-11T15:07:57","guid":{"rendered":"http:\/\/www.adufpb.org.br\/site\/?p=9367"},"modified":"2014-07-11T11:07:57","modified_gmt":"2014-07-11T15:07:57","slug":"servidores-organizados-pelo-sinasefe-suspendem-greve-nacional","status":"publish","type":"post","link":"https:\/\/www.adufpb.org.br\/site\/servidores-organizados-pelo-sinasefe-suspendem-greve-nacional\/","title":{"rendered":"Servidores organizados pelo Sinasefe suspendem greve nacional"},"content":{"rendered":"<p>Os profissionais da base do Sindicato Nacional dos Servidores Federais da Educa\u00e7\u00e3o B\u00e1sica, Profissional e Tecnol\u00f3gica (Sinasefe) decidiram suspender a greve a partir desta quinta-feira (10). A decis\u00e3o foi tomada na 125\u00aa Plen\u00e1ria na entidade, realizada no \u00faltimo s\u00e1bado (5). A categoria permanecer\u00e1 em estado de greve e seguir\u00e1 em negocia\u00e7\u00f5es com o governo.<\/p>\n<p>De acordo com o Sindicato, o debate de suspens\u00e3o j\u00e1 havia sido remetido aos trabalhadores da Rede Federal na \u00faltima Plen\u00e1ria, pautado especialmente na avalia\u00e7\u00e3o da conjuntura e na correla\u00e7\u00e3o de for\u00e7as do movimento nacional.<\/p>\n<p>A Plen\u00e1ria que aprovou o fim da greve, entre outros encaminhamentos, contou com a participa\u00e7\u00e3o de 18 Se\u00e7\u00f5es Sindicais, 24 delegados (as) e 13 observadores(as).<\/p>\n<p><strong>A\u00e7\u00f5es antissindicais<\/strong><\/p>\n<p>Na plen\u00e1ria tamb\u00e9m foram debatidas as den\u00fancias de arbitrariedades, ataques, ass\u00e9dios e persegui\u00e7\u00f5es durante a greve por parte de diversas reitorias e gest\u00f5es. Com destaque para os reitoresque constam como requerentes na a\u00e7\u00e3o de judicializa\u00e7\u00e3o da greve. As Se\u00e7\u00f5es repudiaram as posturas recorrentes de ataques ao direito de greve da categoria.<\/p>\n<p><em>* Com edi\u00e7\u00e3o do ANDES-SN<\/em><\/p>\n<p><em>Fonte: CSP-Conlutas<\/em><\/p>\n","protected":false},"excerpt":{"rendered":"<p>Os profissionais da base do Sindicato Nacional dos Servidores Federais da Educa\u00e7\u00e3o B\u00e1sica, Profissional e Tecnol\u00f3gica (Sinasefe) decidiram suspender a greve a partir desta quinta-feira (10). A decis\u00e3o foi tomada na 125\u00aa Plen\u00e1ria na entidade, realizada no \u00faltimo s\u00e1bado (5). A categoria permanecer\u00e1 em estado de greve e seguir\u00e1 em negocia\u00e7\u00f5es com o governo. De&hellip;<\/p>\n","protected":false},"author":3,"featured_media":0,"comment_status":"closed","ping_status":"closed","sticky":false,"template":"","format":"standard","meta":{"footnotes":""},"categories":[15],"tags":[132,440],"class_list":["post-9367","post","type-post","status-publish","format-standard","hentry","category-noticias","tag-greve","tag-sinasefe","category-15","description-off"],"_links":{"self":[{"href":"https:\/\/www.adufpb.org.br\/site\/wp-json\/wp\/v2\/posts\/9367","targetHints":{"allow":["GET"]}}],"collection":[{"href":"https:\/\/www.adufpb.org.br\/site\/wp-json\/wp\/v2\/posts"}],"about":[{"href":"https:\/\/www.adufpb.org.br\/site\/wp-json\/wp\/v2\/types\/post"}],"author":[{"embeddable":true,"href":"https:\/\/www.adufpb.org.br\/site\/wp-json\/wp\/v2\/users\/3"}],"replies":[{"embeddable":true,"href":"https:\/\/www.adufpb.org.br\/site\/wp-json\/wp\/v2\/comments?post=9367"}],"version-history":[{"count":1,"href":"https:\/\/www.adufpb.org.br\/site\/wp-json\/wp\/v2\/posts\/9367\/revisions"}],"predecessor-version":[{"id":9368,"href":"https:\/\/www.adufpb.org.br\/site\/wp-json\/wp\/v2\/posts\/9367\/revisions\/9368"}],"wp:attachment":[{"href":"https:\/\/www.adufpb.org.br\/site\/wp-json\/wp\/v2\/media?parent=9367"}],"wp:term":[{"taxonomy":"category","embeddable":true,"href":"https:\/\/www.adufpb.org.br\/site\/wp-json\/wp\/v2\/categories?post=9367"},{"taxonomy":"post_tag","embeddable":true,"href":"https:\/\/www.adufpb.org.br\/site\/wp-json\/wp\/v2\/tags?post=9367"}],"curies":[{"name":"wp","href":"https:\/\/api.w.org\/{rel}","templated":true}]}}