{"id":9360,"date":"2014-07-11T10:51:30","date_gmt":"2014-07-11T14:51:30","guid":{"rendered":"http:\/\/www.adufpb.org.br\/site\/?p=9360"},"modified":"2014-07-11T10:51:30","modified_gmt":"2014-07-11T14:51:30","slug":"programa-de-tv-mostra-festa-de-sao-joao-da-adufpb","status":"publish","type":"post","link":"https:\/\/www.adufpb.org.br\/site\/programa-de-tv-mostra-festa-de-sao-joao-da-adufpb\/","title":{"rendered":"Programa de TV mostra festa de S\u00e3o Jo\u00e3o da ADUFPB"},"content":{"rendered":"<p><a href=\"http:\/\/www.adufpb.org.br\/site\/wp-content\/uploads\/2014\/07\/nordeste-sim-sinh\u00f4.png\"><img loading=\"lazy\" decoding=\"async\" class=\"alignleft size-medium wp-image-9361\" alt=\"nordeste sim sinh\u00f4\" src=\"http:\/\/www.adufpb.org.br\/site\/wp-content\/uploads\/2014\/07\/nordeste-sim-sinh\u00f4-300x161.png\" width=\"300\" height=\"161\" srcset=\"https:\/\/www.adufpb.org.br\/site\/wp-content\/uploads\/2014\/07\/nordeste-sim-sinh\u00f4-300x161.png 300w, https:\/\/www.adufpb.org.br\/site\/wp-content\/uploads\/2014\/07\/nordeste-sim-sinh\u00f4.png 906w\" sizes=\"auto, (max-width: 300px) 100vw, 300px\" \/><\/a>A edi\u00e7\u00e3o desta quinta-feira (10\/7) do programa \u201cNordeste Sim Sinh\u00f4\u201d, da TV UFPB, exibiu reportagem sobre a festa de S\u00e3o Jo\u00e3o da ADUFPB, realizada no dia 18 do m\u00eas passado. A mat\u00e9ria trouxe imagens do evento e entrevistas com diretores do sindicato e professores.<\/p>\n<p>O \u201cNordeste Sim Sinh\u00f4\u201d \u00e9 exibido semanalmente, \u00e0s 19h, pelo canal 43 da TV aberta. Quem n\u00e3o p\u00f4de assistir ao programa de quinta-feira, ter\u00e1 nova oportunidade neste s\u00e1bado, \u00e0s 15h, quando ele ser\u00e1 re-exibido. A reportagem sobre a festa da ADUFPB \u00e9 mostrada logo no primeiro bloco.<\/p>\n<p>Depois da reprise, o programa ser\u00e1 disponibilizado na internet, pelo canal do Nordeste Sim Sinh\u00f4 no Youtube. Os interessados podem acessar clicando <a href=\"https:\/\/www.youtube.com\/watch?v=Jzn8fLN0nfw&amp;list=PLGshD_YWCkUSyct1kUXtoDEud_e7I_R6i\" target=\"_blank\">aqui<\/a>.<\/p>\n<p><em>Fonte: Ascom ADUFPB<\/em><\/p>\n","protected":false},"excerpt":{"rendered":"<p>A edi\u00e7\u00e3o desta quinta-feira (10\/7) do programa \u201cNordeste Sim Sinh\u00f4\u201d, da TV UFPB, exibiu reportagem sobre a festa de S\u00e3o Jo\u00e3o da ADUFPB, realizada no dia 18 do m\u00eas passado. A mat\u00e9ria trouxe imagens do evento e entrevistas com diretores do sindicato e professores. O \u201cNordeste Sim Sinh\u00f4\u201d \u00e9 exibido semanalmente, \u00e0s 19h, pelo canal&hellip;<\/p>\n","protected":false},"author":3,"featured_media":0,"comment_status":"closed","ping_status":"closed","sticky":false,"template":"","format":"standard","meta":{"footnotes":""},"categories":[15],"tags":[],"class_list":["post-9360","post","type-post","status-publish","format-standard","hentry","category-noticias","category-15","description-off"],"_links":{"self":[{"href":"https:\/\/www.adufpb.org.br\/site\/wp-json\/wp\/v2\/posts\/9360","targetHints":{"allow":["GET"]}}],"collection":[{"href":"https:\/\/www.adufpb.org.br\/site\/wp-json\/wp\/v2\/posts"}],"about":[{"href":"https:\/\/www.adufpb.org.br\/site\/wp-json\/wp\/v2\/types\/post"}],"author":[{"embeddable":true,"href":"https:\/\/www.adufpb.org.br\/site\/wp-json\/wp\/v2\/users\/3"}],"replies":[{"embeddable":true,"href":"https:\/\/www.adufpb.org.br\/site\/wp-json\/wp\/v2\/comments?post=9360"}],"version-history":[{"count":2,"href":"https:\/\/www.adufpb.org.br\/site\/wp-json\/wp\/v2\/posts\/9360\/revisions"}],"predecessor-version":[{"id":9363,"href":"https:\/\/www.adufpb.org.br\/site\/wp-json\/wp\/v2\/posts\/9360\/revisions\/9363"}],"wp:attachment":[{"href":"https:\/\/www.adufpb.org.br\/site\/wp-json\/wp\/v2\/media?parent=9360"}],"wp:term":[{"taxonomy":"category","embeddable":true,"href":"https:\/\/www.adufpb.org.br\/site\/wp-json\/wp\/v2\/categories?post=9360"},{"taxonomy":"post_tag","embeddable":true,"href":"https:\/\/www.adufpb.org.br\/site\/wp-json\/wp\/v2\/tags?post=9360"}],"curies":[{"name":"wp","href":"https:\/\/api.w.org\/{rel}","templated":true}]}}