{"id":935,"date":"2010-03-08T11:46:11","date_gmt":"2010-03-08T15:46:11","guid":{"rendered":"http:\/\/www.adufpb.org.br\/site\/adufpb-realiza-cafe-da-manha-no-dia-das-mulheres\/"},"modified":"2010-03-08T11:46:11","modified_gmt":"2010-03-08T15:46:11","slug":"adufpb-realiza-cafe-da-manha-no-dia-das-mulheres","status":"publish","type":"post","link":"https:\/\/www.adufpb.org.br\/site\/adufpb-realiza-cafe-da-manha-no-dia-das-mulheres\/","title":{"rendered":"ADUFPB realiza caf\u00e9 da manh\u00e3 no Dia das Mulheres"},"content":{"rendered":"<p>A ADUFPB realizou na manh\u00e3 desta segunda-feira (8) um caf\u00e9 da manh\u00e3 especial em homenagem ao Dia Internacional da Mulher. O evento foi prestigiado por professores e professoras, que lembraram a import\u00e2ncia da data, refor\u00e7ando a luta hist\u00f3rica das mulheres contra a viol\u00eancia e o preconceito. Confira abaixo algumas fotos do caf\u00e9 da manh\u00e3 e veja o \u00e1lbum completo clicando <a href=\"http:\/\/www.flickr.com\/photos\/galeria-adufpb\/\" target=\"_blank\">aqui<\/a>.<\/p>\n<p>Ainda dentro das comemora\u00e7\u00f5es do 8 de Mar\u00e7o, a ADUFPB realiza na pr\u00f3xima quinta-feira a mesa-redonda \u201cO Passado e o Presente do Feminismo\u201d. O evento acontece no audit\u00f3rio 212 do Centro de Ensino do Campus I da UFPB, em Jo\u00e3o Pessoa.\u00a0 A abertura ser\u00e1 feita com uma apresenta\u00e7\u00e3o teatral de Marianna Chaves, que interpretar\u00e1 trecho da obra \u201cApareceu a Margarida\u201d, de Roberto Athayde.<\/p>\n<p>Em seguida, ter\u00e1 in\u00edcio o debate, com a presen\u00e7a das expositoras Gloria Rabay, Liane Schneder, Maria Eulina de Carvalho, Maria Lucia Lopes e Sandra Raquel. Os participantes do evento poder\u00e3o tamb\u00e9m apreciar a exposi\u00e7\u00e3o de arte intitulada \u201cNegras\u201d, da professora Liana Chaves (DAV\/CCHLA\/UFPB).<\/p>\n<p style=\"text-align: center;\"><a href=\"http:\/\/www.flickr.com\/photos\/galeria-adufpb\/4417329636\/\"><img loading=\"lazy\" decoding=\"async\" class=\"aligncenter\" src=\"http:\/\/farm3.static.flickr.com\/2789\/4417329636_4858245672.jpg\" alt=\"\" width=\"500\" height=\"333\" \/><\/a><\/p>\n<p style=\"text-align: center;\">\n<p style=\"text-align: center;\"><a href=\"http:\/\/www.flickr.com\/photos\/galeria-adufpb\/4417328390\/in\/photostream\/\"><img loading=\"lazy\" decoding=\"async\" class=\"aligncenter\" src=\"http:\/\/farm3.static.flickr.com\/2707\/4417328390_1c2e5168fc.jpg\" alt=\"\" width=\"333\" height=\"500\" \/><\/a><\/p>\n<p style=\"text-align: center;\">\n<p style=\"text-align: center;\"><a href=\"http:\/\/www.flickr.com\/photos\/galeria-adufpb\/4416559539\/in\/photostream\/\"><img loading=\"lazy\" decoding=\"async\" class=\"aligncenter\" src=\"http:\/\/farm5.static.flickr.com\/4046\/4416559539_12785e0683.jpg\" alt=\"\" width=\"500\" height=\"333\" \/><\/a><\/p>\n<p style=\"text-align: center;\">\n<p style=\"text-align: center;\"><a href=\"http:\/\/www.flickr.com\/photos\/galeria-adufpb\/4417304914\/in\/photostream\/\"><img loading=\"lazy\" decoding=\"async\" class=\"aligncenter\" src=\"http:\/\/farm3.static.flickr.com\/2711\/4417304914_49fed9f98f.jpg\" alt=\"\" width=\"500\" height=\"333\" \/><\/a><\/p>\n<p style=\"text-align: center;\">\n<p style=\"text-align: center;\"><a href=\"http:\/\/www.flickr.com\/photos\/galeria-adufpb\/4417291670\/in\/photostream\/\"><img loading=\"lazy\" decoding=\"async\" class=\"aligncenter\" src=\"http:\/\/farm5.static.flickr.com\/4016\/4417291670_2dceee4397.jpg\" alt=\"\" width=\"500\" height=\"333\" \/><\/a><\/p>\n","protected":false},"excerpt":{"rendered":"<p>A ADUFPB realizou na manh\u00e3 desta segunda-feira (8) um caf\u00e9 da manh\u00e3 especial em homenagem ao Dia Internacional da Mulher. O evento foi prestigiado por professores e professoras, que lembraram a import\u00e2ncia da data, refor\u00e7ando a luta hist\u00f3rica das mulheres contra a viol\u00eancia e o preconceito. Confira abaixo algumas fotos do caf\u00e9 da manh\u00e3 e&hellip;<\/p>\n","protected":false},"author":3,"featured_media":0,"comment_status":"open","ping_status":"open","sticky":false,"template":"","format":"standard","meta":{"footnotes":""},"categories":[15],"tags":[121,125,57],"class_list":["post-935","post","type-post","status-publish","format-standard","hentry","category-noticias","tag-8-de-marco","tag-dia-das-mulheres","tag-eventos","category-15","description-off"],"_links":{"self":[{"href":"https:\/\/www.adufpb.org.br\/site\/wp-json\/wp\/v2\/posts\/935","targetHints":{"allow":["GET"]}}],"collection":[{"href":"https:\/\/www.adufpb.org.br\/site\/wp-json\/wp\/v2\/posts"}],"about":[{"href":"https:\/\/www.adufpb.org.br\/site\/wp-json\/wp\/v2\/types\/post"}],"author":[{"embeddable":true,"href":"https:\/\/www.adufpb.org.br\/site\/wp-json\/wp\/v2\/users\/3"}],"replies":[{"embeddable":true,"href":"https:\/\/www.adufpb.org.br\/site\/wp-json\/wp\/v2\/comments?post=935"}],"version-history":[{"count":0,"href":"https:\/\/www.adufpb.org.br\/site\/wp-json\/wp\/v2\/posts\/935\/revisions"}],"wp:attachment":[{"href":"https:\/\/www.adufpb.org.br\/site\/wp-json\/wp\/v2\/media?parent=935"}],"wp:term":[{"taxonomy":"category","embeddable":true,"href":"https:\/\/www.adufpb.org.br\/site\/wp-json\/wp\/v2\/categories?post=935"},{"taxonomy":"post_tag","embeddable":true,"href":"https:\/\/www.adufpb.org.br\/site\/wp-json\/wp\/v2\/tags?post=935"}],"curies":[{"name":"wp","href":"https:\/\/api.w.org\/{rel}","templated":true}]}}