{"id":9314,"date":"2014-06-20T10:12:31","date_gmt":"2014-06-20T14:12:31","guid":{"rendered":"http:\/\/www.adufpb.org.br\/site\/?p=9314"},"modified":"2014-06-20T10:12:31","modified_gmt":"2014-06-20T14:12:31","slug":"andes-sn-divulga-o-caderno-de-textos-do-59o-conad","status":"publish","type":"post","link":"https:\/\/www.adufpb.org.br\/site\/andes-sn-divulga-o-caderno-de-textos-do-59o-conad\/","title":{"rendered":"ANDES-SN divulga o caderno de textos do 59\u00ba Conad"},"content":{"rendered":"<p>O Caderno de Textos do 59\u00ba Conselho Nacional das Associa\u00e7\u00f5es Docentes (Conad) do ANDES-SN foi divulgado nesta quarta-feira (18). O documento foi encaminhado \u00e0 todas as Se\u00e7\u00f5es Sindicais, para que o reproduzam, em n\u00famero de c\u00f3pias suficientes, para que seja utilizado como subs\u00eddio \u00e0s discuss\u00f5es e formula\u00e7\u00f5es da categoria. As contribui\u00e7\u00f5es que forem encaminhadas entre os dias 9 de junho e 5 de agosto ser\u00e3o incorporadas ao Anexo do Caderno de Textos.<\/p>\n<p>O 59\u00ba Conad acontece em Aracaju (SE), entre os dias 21 e 24 de agosto, com o tema Luta em defesa da educa\u00e7\u00e3o: autonomia da universidade, 10% do PIB exclusivamente para a educa\u00e7\u00e3o p\u00fablica. Segundo a apresenta\u00e7\u00e3o da diretoria do ANDES-SN, publicada no Caderno de Textos, a tem\u00e1tica \u201cexpressa com clareza a continuidade e a persist\u00eancia do nosso esfor\u00e7o no cumprimento de princ\u00edpios que s\u00e3o parte da luta hist\u00f3rica do ANDES-SN\u201d.<\/p>\n<p><a href=\"http:\/\/portal.andes.org.br\/imprensa\/noticias\/imp-ult-782550037.pdf\" target=\"_blank\">Confira aqui o Caderno de Textos do 59\u00ba Conad.<\/a><\/p>\n<p><em>Fonte:\u00a0ANDES-SN<\/em><\/p>\n","protected":false},"excerpt":{"rendered":"<p>O Caderno de Textos do 59\u00ba Conselho Nacional das Associa\u00e7\u00f5es Docentes (Conad) do ANDES-SN foi divulgado nesta quarta-feira (18). O documento foi encaminhado \u00e0 todas as Se\u00e7\u00f5es Sindicais, para que o reproduzam, em n\u00famero de c\u00f3pias suficientes, para que seja utilizado como subs\u00eddio \u00e0s discuss\u00f5es e formula\u00e7\u00f5es da categoria. As contribui\u00e7\u00f5es que forem encaminhadas entre&hellip;<\/p>\n","protected":false},"author":3,"featured_media":0,"comment_status":"closed","ping_status":"closed","sticky":false,"template":"","format":"standard","meta":{"footnotes":""},"categories":[15],"tags":[],"class_list":["post-9314","post","type-post","status-publish","format-standard","hentry","category-noticias","category-15","description-off"],"_links":{"self":[{"href":"https:\/\/www.adufpb.org.br\/site\/wp-json\/wp\/v2\/posts\/9314","targetHints":{"allow":["GET"]}}],"collection":[{"href":"https:\/\/www.adufpb.org.br\/site\/wp-json\/wp\/v2\/posts"}],"about":[{"href":"https:\/\/www.adufpb.org.br\/site\/wp-json\/wp\/v2\/types\/post"}],"author":[{"embeddable":true,"href":"https:\/\/www.adufpb.org.br\/site\/wp-json\/wp\/v2\/users\/3"}],"replies":[{"embeddable":true,"href":"https:\/\/www.adufpb.org.br\/site\/wp-json\/wp\/v2\/comments?post=9314"}],"version-history":[{"count":1,"href":"https:\/\/www.adufpb.org.br\/site\/wp-json\/wp\/v2\/posts\/9314\/revisions"}],"predecessor-version":[{"id":9315,"href":"https:\/\/www.adufpb.org.br\/site\/wp-json\/wp\/v2\/posts\/9314\/revisions\/9315"}],"wp:attachment":[{"href":"https:\/\/www.adufpb.org.br\/site\/wp-json\/wp\/v2\/media?parent=9314"}],"wp:term":[{"taxonomy":"category","embeddable":true,"href":"https:\/\/www.adufpb.org.br\/site\/wp-json\/wp\/v2\/categories?post=9314"},{"taxonomy":"post_tag","embeddable":true,"href":"https:\/\/www.adufpb.org.br\/site\/wp-json\/wp\/v2\/tags?post=9314"}],"curies":[{"name":"wp","href":"https:\/\/api.w.org\/{rel}","templated":true}]}}