{"id":930,"date":"2010-03-08T08:46:07","date_gmt":"2010-03-08T12:46:07","guid":{"rendered":"http:\/\/www.adufpb.org.br\/site\/centros-academicos-da-ufpb-realizam-trote-legal\/"},"modified":"2010-03-08T08:46:07","modified_gmt":"2010-03-08T12:46:07","slug":"centros-academicos-da-ufpb-realizam-trote-legal","status":"publish","type":"post","link":"https:\/\/www.adufpb.org.br\/site\/centros-academicos-da-ufpb-realizam-trote-legal\/","title":{"rendered":"Centros Acad\u00eamicos da UFPB realizam &#8220;trote legal&#8221;"},"content":{"rendered":"<p>Os Centros Acad\u00eamicos do campus I da Universidade Federal da Para\u00edba, em Jo\u00e3o Pessoa, acolheram a id\u00e9ia da Prefeitura da UFPB e v\u00e3o realizar um \u201ctrote legal\u201d, totalmente inverso aos trotes de outras universidades, que se caracterizam pela brutalidade aplicada contra os feras (novos alunos).<\/p>\n<p>Na pr\u00f3xima ter\u00e7a-feira (9), os novos alunos do campus I da UFPB, classificados no \u00faltimo vestibular, ser\u00e3o recepcionados de maneira diferente do convencional: ser\u00e3o vestidos de fardamento de garis e munidos das ferramentas necess\u00e1rias para fazerem a coleta seletiva de lixo do campus.<\/p>\n<p>De acordo com as informa\u00e7\u00f5es do engenheiro Ant\u00f4nio Borba Guimar\u00e3es, coordenador de Infraestrutura da Prefeitura da UFPB e membro da Comiss\u00e3o de Implanta\u00e7\u00e3o da Coleta Seletiva, o \u201cfera\u201d que coletar a maior quantidade de lixo seletivo ser\u00e1 contemplado com um pr\u00eamio simb\u00f3lico.<\/p>\n<p>O fardamento e o carro apropriado para a coleta do lixo seletivo est\u00e3o sendo solicitados pelos Centros Acad\u00eamicos \u00e0 Empresa Municipal de Limpeza Urbana (Emlur).<\/p>\n<p><em>Fonte: Ag\u00eancia de Not\u00edcias UFPB<\/em><\/p>\n","protected":false},"excerpt":{"rendered":"<p>Os Centros Acad\u00eamicos do campus I da Universidade Federal da Para\u00edba, em Jo\u00e3o Pessoa, acolheram a id\u00e9ia da Prefeitura da UFPB e v\u00e3o realizar um \u201ctrote legal\u201d, totalmente inverso aos trotes de outras universidades, que se caracterizam pela brutalidade aplicada contra os feras (novos alunos). Na pr\u00f3xima ter\u00e7a-feira (9), os novos alunos do campus I&hellip;<\/p>\n","protected":false},"author":3,"featured_media":0,"comment_status":"open","ping_status":"open","sticky":false,"template":"","format":"standard","meta":{"footnotes":""},"categories":[15],"tags":[],"class_list":["post-930","post","type-post","status-publish","format-standard","hentry","category-noticias","category-15","description-off"],"_links":{"self":[{"href":"https:\/\/www.adufpb.org.br\/site\/wp-json\/wp\/v2\/posts\/930","targetHints":{"allow":["GET"]}}],"collection":[{"href":"https:\/\/www.adufpb.org.br\/site\/wp-json\/wp\/v2\/posts"}],"about":[{"href":"https:\/\/www.adufpb.org.br\/site\/wp-json\/wp\/v2\/types\/post"}],"author":[{"embeddable":true,"href":"https:\/\/www.adufpb.org.br\/site\/wp-json\/wp\/v2\/users\/3"}],"replies":[{"embeddable":true,"href":"https:\/\/www.adufpb.org.br\/site\/wp-json\/wp\/v2\/comments?post=930"}],"version-history":[{"count":0,"href":"https:\/\/www.adufpb.org.br\/site\/wp-json\/wp\/v2\/posts\/930\/revisions"}],"wp:attachment":[{"href":"https:\/\/www.adufpb.org.br\/site\/wp-json\/wp\/v2\/media?parent=930"}],"wp:term":[{"taxonomy":"category","embeddable":true,"href":"https:\/\/www.adufpb.org.br\/site\/wp-json\/wp\/v2\/categories?post=930"},{"taxonomy":"post_tag","embeddable":true,"href":"https:\/\/www.adufpb.org.br\/site\/wp-json\/wp\/v2\/tags?post=930"}],"curies":[{"name":"wp","href":"https:\/\/api.w.org\/{rel}","templated":true}]}}