{"id":9237,"date":"2014-06-05T10:18:09","date_gmt":"2014-06-05T14:18:09","guid":{"rendered":"http:\/\/www.adufpb.org.br\/site\/?p=9237"},"modified":"2014-06-10T12:12:23","modified_gmt":"2014-06-10T16:12:23","slug":"revista-conceitos-abre-prazo-para-envio-de-artigos-e-ensaios","status":"publish","type":"post","link":"https:\/\/www.adufpb.org.br\/site\/revista-conceitos-abre-prazo-para-envio-de-artigos-e-ensaios\/","title":{"rendered":"Revista Conceitos abre prazo para envio de artigos e ensaios"},"content":{"rendered":"<p>Os professores filiados \u00e0 ADUFPB j\u00e1 podem inscrever artigos e ensaios para a 20\u00aa edi\u00e7\u00e3o da Revista Conceitos, publica\u00e7\u00e3o editada pelo Sindicato com o objetivo de divulgar a produ\u00e7\u00e3o acad\u00eamica da Universidade Federal da Para\u00edba. Os trabalhos devem ser enviados em formato digital exclusivamente para o e-mail da Comiss\u00e3o Editorial: revistaconceitos.adufpb@gmail.com.<\/p>\n<p>Juntamente com o texto, \u00e9 necess\u00e1rio encaminhar a ficha de inscri\u00e7\u00e3o preenchida (para fazer o download, <a href=\"http:\/\/www.adufpb.org.br\/site\/wp-content\/uploads\/2014\/06\/FICHA-DE-INSCRICAO-CONCEITOS-20.doc\" target=\"_blank\">clique aqui<\/a>). Ser\u00e3o aceitos exclusivamente trabalhos com no m\u00ednimo 10 e no m\u00e1ximo 15 laudas, incluindo resumo, palavras-chaves, abstract, refer\u00eancias bibliogr\u00e1ficas, notas, ilustra\u00e7\u00f5es gr\u00e1ficas ou fotografias. <a href=\"http:\/\/www.adufpb.org.br\/site\/wp-content\/uploads\/2014\/06\/CONCEITOS-NORMAS-PUBLICACAO-ED-20.pdf\" target=\"_blank\">Clique aqui para baixar as normas para publica\u00e7\u00e3o<\/a>.<\/p>\n<p>Os artigos encaminhados \u00e0 Revista Conceitos ser\u00e3o avaliados, individualmente, por tr\u00eas pareceristas ad-doc, reconhecidos por not\u00f3rio saber acerca dos temas inscritos. Para esta tarefa, ser\u00e1 utilizado o sistema triplo cego e, com base nos pareceres obtidos, a Comiss\u00e3o Editorial emitir\u00e1 um dos seguintes conceitos: aprovado para publica\u00e7\u00e3o, aprovado com corre\u00e7\u00f5es, rejeitado para publica\u00e7\u00e3o.<\/p>\n<p>Para a 20\u00aa edi\u00e7\u00e3o da Conceitos, ser\u00e3o selecionados 12 artigos at\u00e9 o dia 30 de junho, seguindo a ordem cronol\u00f3gica de recebimento dos trabalhos. Caso haja necessidade de prorroga\u00e7\u00e3o do prazo, a Comiss\u00e3o Editorial informar\u00e1 aos docentes. A previs\u00e3o \u00e9 que a revista seja publicada no m\u00eas de agosto.<\/p>\n<p>Mais detalhes podem ser obtidos pelo e-mail revistaconceitos.adufpb@gmail.com ou adufpb@terra.com.br, ou pelo telefone (83) 9958-9058 (celular ADUFPB\/recep\u00e7\u00e3o).<\/p>\n<p><em>Fonte: Ascom ADUFPB<\/em><\/p>\n<p>&nbsp;<\/p>\n","protected":false},"excerpt":{"rendered":"<p>Os professores filiados \u00e0 ADUFPB j\u00e1 podem inscrever artigos e ensaios para a 20\u00aa edi\u00e7\u00e3o da Revista Conceitos, publica\u00e7\u00e3o editada pelo Sindicato com o objetivo de divulgar a produ\u00e7\u00e3o acad\u00eamica da Universidade Federal da Para\u00edba. Os trabalhos devem ser enviados em formato digital exclusivamente para o e-mail da Comiss\u00e3o Editorial: revistaconceitos.adufpb@gmail.com. Juntamente com o texto,&hellip;<\/p>\n","protected":false},"author":3,"featured_media":9243,"comment_status":"closed","ping_status":"closed","sticky":false,"template":"","format":"standard","meta":{"footnotes":""},"categories":[15,417],"tags":[815,62],"class_list":["post-9237","post","type-post","status-publish","format-standard","has-post-thumbnail","hentry","category-noticias","category-noticias-destaque","tag-conceitos","tag-revista-conceitos","category-15","category-417","description-off"],"_links":{"self":[{"href":"https:\/\/www.adufpb.org.br\/site\/wp-json\/wp\/v2\/posts\/9237","targetHints":{"allow":["GET"]}}],"collection":[{"href":"https:\/\/www.adufpb.org.br\/site\/wp-json\/wp\/v2\/posts"}],"about":[{"href":"https:\/\/www.adufpb.org.br\/site\/wp-json\/wp\/v2\/types\/post"}],"author":[{"embeddable":true,"href":"https:\/\/www.adufpb.org.br\/site\/wp-json\/wp\/v2\/users\/3"}],"replies":[{"embeddable":true,"href":"https:\/\/www.adufpb.org.br\/site\/wp-json\/wp\/v2\/comments?post=9237"}],"version-history":[{"count":3,"href":"https:\/\/www.adufpb.org.br\/site\/wp-json\/wp\/v2\/posts\/9237\/revisions"}],"predecessor-version":[{"id":9242,"href":"https:\/\/www.adufpb.org.br\/site\/wp-json\/wp\/v2\/posts\/9237\/revisions\/9242"}],"wp:featuredmedia":[{"embeddable":true,"href":"https:\/\/www.adufpb.org.br\/site\/wp-json\/wp\/v2\/media\/9243"}],"wp:attachment":[{"href":"https:\/\/www.adufpb.org.br\/site\/wp-json\/wp\/v2\/media?parent=9237"}],"wp:term":[{"taxonomy":"category","embeddable":true,"href":"https:\/\/www.adufpb.org.br\/site\/wp-json\/wp\/v2\/categories?post=9237"},{"taxonomy":"post_tag","embeddable":true,"href":"https:\/\/www.adufpb.org.br\/site\/wp-json\/wp\/v2\/tags?post=9237"}],"curies":[{"name":"wp","href":"https:\/\/api.w.org\/{rel}","templated":true}]}}