{"id":9232,"date":"2014-06-04T11:23:59","date_gmt":"2014-06-04T15:23:59","guid":{"rendered":"http:\/\/www.adufpb.org.br\/site\/?p=9232"},"modified":"2014-06-04T11:34:46","modified_gmt":"2014-06-04T15:34:46","slug":"sao-joao-adufpb-tera-espaco-para-criancas","status":"publish","type":"post","link":"https:\/\/www.adufpb.org.br\/site\/sao-joao-adufpb-tera-espaco-para-criancas\/","title":{"rendered":"S\u00e3o Jo\u00e3o ADUFPB ter\u00e1 espa\u00e7o para crian\u00e7as"},"content":{"rendered":"<p dir=\"ltr\">As crian\u00e7as tamb\u00e9m v\u00e3o se divertir muito no S\u00e3o Jo\u00e3o da ADUFPB, que acontecer\u00e1 no dia 18 de junho. A organiza\u00e7\u00e3o da festa disponibilizar\u00e1 uma \u00e1rea especial para os pequenos, com muitas brincadeiras, jogos, comidas t\u00edpicas e o acompanhamento constante de dois monitores.<\/p>\n<p dir=\"ltr\">Este ano, n\u00e3o ser\u00e3o distribu\u00eddos convites ou senhas. Para participar da festa, o professor filiado deve comparecer \u00e0 sede da ADUFPB at\u00e9 o dia 13 de junho para confirmar seu nome na lista de ades\u00e3o. Cada docente tem direito a levar um(a) acompanhante, mas a entrada de crian\u00e7as at\u00e9 10 anos \u00e9 liberada.<\/p>\n<p dir=\"ltr\">O S\u00e3o Jo\u00e3o da ADUFPB ser\u00e1 no dia 18 de junho, \u00e0s 21h, na casa de recep\u00e7\u00f5es Palazzo Cristal, localizada pr\u00f3xima \u00e0 BR-230, estrada para Cabedelo (veja mapa abaixo). Na anima\u00e7\u00e3o da festa estar\u00e3o J\u00fanior Limeira e Banda e o Trio Serid\u00f3, que v\u00e3o tocar o mais aut\u00eantico forr\u00f3 p\u00e9 de serra. No local, ser\u00e3o servidos churrasquinhos, comidas t\u00edpicas e bebidas (cerveja, caipirinha, cacha\u00e7a, refrigerante e \u00e1gua).<\/p>\n<p><a href=\"http:\/\/www.adufpb.org.br\/site\/wp-content\/uploads\/2013\/06\/mapa-cristal-1.jpg\"><img loading=\"lazy\" decoding=\"async\" class=\"aligncenter size-full wp-image-5228\" alt=\"mapa cristal (1)\" src=\"http:\/\/www.adufpb.org.br\/site\/wp-content\/uploads\/2013\/06\/mapa-cristal-1.jpg\" width=\"1000\" height=\"562\" srcset=\"https:\/\/www.adufpb.org.br\/site\/wp-content\/uploads\/2013\/06\/mapa-cristal-1.jpg 1000w, https:\/\/www.adufpb.org.br\/site\/wp-content\/uploads\/2013\/06\/mapa-cristal-1-300x168.jpg 300w\" sizes=\"auto, (max-width: 1000px) 100vw, 1000px\" \/><\/a><em><\/em><\/p>\n<p>&nbsp;<\/p>\n<p><em>Fonte: Ascom ADUFPB<\/em><\/p>\n<p>&nbsp;<\/p>\n","protected":false},"excerpt":{"rendered":"<p>As crian\u00e7as tamb\u00e9m v\u00e3o se divertir muito no S\u00e3o Jo\u00e3o da ADUFPB, que acontecer\u00e1 no dia 18 de junho. A organiza\u00e7\u00e3o da festa disponibilizar\u00e1 uma \u00e1rea especial para os pequenos, com muitas brincadeiras, jogos, comidas t\u00edpicas e o acompanhamento constante de dois monitores. Este ano, n\u00e3o ser\u00e3o distribu\u00eddos convites ou senhas. Para participar da festa,&hellip;<\/p>\n","protected":false},"author":3,"featured_media":0,"comment_status":"closed","ping_status":"closed","sticky":false,"template":"","format":"standard","meta":{"footnotes":""},"categories":[15],"tags":[450],"class_list":["post-9232","post","type-post","status-publish","format-standard","hentry","category-noticias","tag-sao-joao-adufpb","category-15","description-off"],"_links":{"self":[{"href":"https:\/\/www.adufpb.org.br\/site\/wp-json\/wp\/v2\/posts\/9232","targetHints":{"allow":["GET"]}}],"collection":[{"href":"https:\/\/www.adufpb.org.br\/site\/wp-json\/wp\/v2\/posts"}],"about":[{"href":"https:\/\/www.adufpb.org.br\/site\/wp-json\/wp\/v2\/types\/post"}],"author":[{"embeddable":true,"href":"https:\/\/www.adufpb.org.br\/site\/wp-json\/wp\/v2\/users\/3"}],"replies":[{"embeddable":true,"href":"https:\/\/www.adufpb.org.br\/site\/wp-json\/wp\/v2\/comments?post=9232"}],"version-history":[{"count":2,"href":"https:\/\/www.adufpb.org.br\/site\/wp-json\/wp\/v2\/posts\/9232\/revisions"}],"predecessor-version":[{"id":9234,"href":"https:\/\/www.adufpb.org.br\/site\/wp-json\/wp\/v2\/posts\/9232\/revisions\/9234"}],"wp:attachment":[{"href":"https:\/\/www.adufpb.org.br\/site\/wp-json\/wp\/v2\/media?parent=9232"}],"wp:term":[{"taxonomy":"category","embeddable":true,"href":"https:\/\/www.adufpb.org.br\/site\/wp-json\/wp\/v2\/categories?post=9232"},{"taxonomy":"post_tag","embeddable":true,"href":"https:\/\/www.adufpb.org.br\/site\/wp-json\/wp\/v2\/tags?post=9232"}],"curies":[{"name":"wp","href":"https:\/\/api.w.org\/{rel}","templated":true}]}}