{"id":9229,"date":"2014-06-04T10:05:27","date_gmt":"2014-06-04T14:05:27","guid":{"rendered":"http:\/\/www.adufpb.org.br\/site\/?p=9229"},"modified":"2014-06-04T10:05:27","modified_gmt":"2014-06-04T14:05:27","slug":"retirada-da-pec-55506-e-traicao-a-servidores","status":"publish","type":"post","link":"https:\/\/www.adufpb.org.br\/site\/retirada-da-pec-55506-e-traicao-a-servidores\/","title":{"rendered":"Retirada da PEC 555\/06 \u00e9 trai\u00e7\u00e3o a servidores"},"content":{"rendered":"<p><em>Marina Mota<\/em><\/p>\n<p>&nbsp;<\/p>\n<p>Tra\u00eddos. \u00c9 como se sentem os servidores ap\u00f3s a manobra do presidente da C\u00e2mara dos Deputados, Henrique Eduardo Alves, de colocar em pauta a PEC (Proposta de Emenda \u00e0 Constitui\u00e7\u00e3o) 555\/06 \u2013 que acaba gradualmente com a contribui\u00e7\u00e3o de aposentados e pensionistas \u2013 para, em seguida, voltar atr\u00e1s e retir\u00e1-la.<\/p>\n<p>Na manh\u00e3 da \u00faltima sexta-feira (30\/5), a PEC 555\/06 constava como o item 23 da pauta publicada para a pr\u00f3xima semana \u2013 com sess\u00f5es marcadas de 2 a 5 de junho. Os servidores comemoraram a conquista, fruto, em grande parte, da mobiliza\u00e7\u00e3o que fizeram na quinta-feira (29\/5), lotando o Audit\u00f3rio Nereu Ramos para pressionar a Casa a aprovar a proposta.<\/p>\n<p>No entanto, algumas horas depois, todos foram surpreendidos com a retirada da proposta da pauta, sem nenhuma explica\u00e7\u00e3o.<\/p>\n<p>\u00c9 dif\u00edcil encontrar uma justificativa para tamanho desrespeito. A PEC 555\/06 tem o apoio da grande maioria da Casa. Mais de 400 parlamentares, considerando somente aqueles em exerc\u00edcio nesta legislatura, j\u00e1 pediram a inclus\u00e3o da proposta na pauta, gra\u00e7as ao trabalho parlamentar capitaneado pelo Sindifisco Nacional. Al\u00e9m disso, estudos do Sindicato mostram que o impacto nas contas p\u00fablicas \u00e9 \u00ednfimo, perante \u00e0s desonera\u00e7\u00f5es do Governo ao grande capital.<\/p>\n<p>O que estaria por tr\u00e1s disso? Por que n\u00e3o submeter uma quest\u00e3o t\u00e3o importante ao Estado aos representantes leg\u00edtimos do povo brasileiro? Ser\u00e1 mais uma tentativa do Governo Federal de atropelar o Poder Legislativo e impor a sua vontade a qualquer pre\u00e7o?<\/p>\n<p>Exige-se, no m\u00ednimo, uma explica\u00e7\u00e3o: o que motivou a retirada da PEC 555\/06 da pauta desta maneira?<\/p>\n<p>Se j\u00e1 havia empenho e mobiliza\u00e7\u00e3o em defesa da PEC 555\/06, agora, h\u00e1 motivos a mais para intensificar a luta pelo fim dessa injusti\u00e7a social que \u00e9 a contribui\u00e7\u00e3o de aposentados e pensionistas.<\/p>\n<p>A DEN (Diretoria Executiva Nacional) n\u00e3o vai descansar enquanto n\u00e3o colocar a PEC 555\/06 em vota\u00e7\u00e3o e aprov\u00e1-la. Os percal\u00e7os no caminho s\u00f3 refor\u00e7am a necessidade de seguir em frente. O Sindifisco, junto com as bases, estar\u00e1 presente no Congresso Nacional, na pr\u00f3xima semana &#8211; com ou sem a PEC 555\/06 na pauta. O grande ato do dia 29 foi s\u00f3 o come\u00e7o. A luta tem que continuar, e vai.<\/p>\n<p><em>Fonte: Sindifisco Nacional<\/em><\/p>\n","protected":false},"excerpt":{"rendered":"<p>Marina Mota &nbsp; Tra\u00eddos. \u00c9 como se sentem os servidores ap\u00f3s a manobra do presidente da C\u00e2mara dos Deputados, Henrique Eduardo Alves, de colocar em pauta a PEC (Proposta de Emenda \u00e0 Constitui\u00e7\u00e3o) 555\/06 \u2013 que acaba gradualmente com a contribui\u00e7\u00e3o de aposentados e pensionistas \u2013 para, em seguida, voltar atr\u00e1s e retir\u00e1-la. Na manh\u00e3&hellip;<\/p>\n","protected":false},"author":3,"featured_media":0,"comment_status":"closed","ping_status":"closed","sticky":false,"template":"","format":"standard","meta":{"footnotes":""},"categories":[15],"tags":[159],"class_list":["post-9229","post","type-post","status-publish","format-standard","hentry","category-noticias","tag-pec-555","category-15","description-off"],"_links":{"self":[{"href":"https:\/\/www.adufpb.org.br\/site\/wp-json\/wp\/v2\/posts\/9229","targetHints":{"allow":["GET"]}}],"collection":[{"href":"https:\/\/www.adufpb.org.br\/site\/wp-json\/wp\/v2\/posts"}],"about":[{"href":"https:\/\/www.adufpb.org.br\/site\/wp-json\/wp\/v2\/types\/post"}],"author":[{"embeddable":true,"href":"https:\/\/www.adufpb.org.br\/site\/wp-json\/wp\/v2\/users\/3"}],"replies":[{"embeddable":true,"href":"https:\/\/www.adufpb.org.br\/site\/wp-json\/wp\/v2\/comments?post=9229"}],"version-history":[{"count":2,"href":"https:\/\/www.adufpb.org.br\/site\/wp-json\/wp\/v2\/posts\/9229\/revisions"}],"predecessor-version":[{"id":9231,"href":"https:\/\/www.adufpb.org.br\/site\/wp-json\/wp\/v2\/posts\/9229\/revisions\/9231"}],"wp:attachment":[{"href":"https:\/\/www.adufpb.org.br\/site\/wp-json\/wp\/v2\/media?parent=9229"}],"wp:term":[{"taxonomy":"category","embeddable":true,"href":"https:\/\/www.adufpb.org.br\/site\/wp-json\/wp\/v2\/categories?post=9229"},{"taxonomy":"post_tag","embeddable":true,"href":"https:\/\/www.adufpb.org.br\/site\/wp-json\/wp\/v2\/tags?post=9229"}],"curies":[{"name":"wp","href":"https:\/\/api.w.org\/{rel}","templated":true}]}}