{"id":922,"date":"2010-03-05T10:15:23","date_gmt":"2010-03-05T14:15:23","guid":{"rendered":"http:\/\/www.adufpb.org.br\/site\/diretoria-do-andes-sn-divulga-relatorio-final-do-29%c2%ba-congresso-do-sindicato\/"},"modified":"2010-03-05T10:38:12","modified_gmt":"2010-03-05T14:38:12","slug":"diretoria-do-andes-sn-divulga-relatorio-final-do-29%c2%ba-congresso-do-sindicato","status":"publish","type":"post","link":"https:\/\/www.adufpb.org.br\/site\/diretoria-do-andes-sn-divulga-relatorio-final-do-29%c2%ba-congresso-do-sindicato\/","title":{"rendered":"Diretoria do ANDES-SN divulga relat\u00f3rio final do 29\u00ba Congresso do Sindicato"},"content":{"rendered":"<p><img loading=\"lazy\" decoding=\"async\" class=\"alignleft size-medium wp-image-892\" title=\"29congressoAndes\" src=\"http:\/\/www.adufpb.org.br\/site\/wp-content\/uploads\/2010\/02\/29congressoAndes-300x200.jpg\" alt=\"29congressoAndes\" width=\"300\" height=\"200\" srcset=\"https:\/\/www.adufpb.org.br\/site\/wp-content\/uploads\/2010\/02\/29congressoAndes-300x200.jpg 300w, https:\/\/www.adufpb.org.br\/site\/wp-content\/uploads\/2010\/02\/29congressoAndes.JPG 720w\" sizes=\"auto, (max-width: 300px) 100vw, 300px\" \/>A diretoria do ANDES-SN divulgou no dia 3 de mar\u00e7o o relat\u00f3rio final do 29\u00ba Congresso da entidade, realizado em Bel\u00e9m (PA), de 26\/2 a 1\/3.<\/p>\n<p>No relat\u00f3rio, \u00e9 poss\u00edvel conferir todas as resolu\u00e7\u00f5es tomadas pela maior inst\u00e2ncia deliberativa do ANDES-SN, por meio da consulta \u00e0s atas das plen\u00e1rias e textos de resolu\u00e7\u00e3o consolidados.<\/p>\n<p>Tamb\u00e9m \u00e9 poss\u00edvel rever os textos originais que foram disponibilizados no Caderno de Textos, no Anexo ao Caderno e, ainda, os que foram apresentados para discuss\u00e3o durante a Plen\u00e1ria de Instala\u00e7\u00e3o, entre outros documentos.<\/p>\n<p>O relat\u00f3rio consolidado j\u00e1 foi encaminhado \u00e0s Se\u00e7\u00f5es Sindicais e est\u00e1 dispon\u00edvel na p\u00e1gina eletr\u00f4nica do Sindicato.<\/p>\n<p><span><span style=\"font-family: Arial; font-size: x-small;\"><span style=\"font-family: Arial; font-size: x-small;\"><a href=\"http:\/\/www.andes.org.br\/secretaria\/Uploads\/Circ031-10.zip\">Clique aqui para acess\u00e1-lo<\/a><\/span><\/span><\/span><\/p>\n<p><em>Fonte: ANDES-SN<\/em><\/p>\n","protected":false},"excerpt":{"rendered":"<p>A diretoria do ANDES-SN divulgou no dia 3 de mar\u00e7o o relat\u00f3rio final do 29\u00ba Congresso da entidade, realizado em Bel\u00e9m (PA), de 26\/2 a 1\/3. No relat\u00f3rio, \u00e9 poss\u00edvel conferir todas as resolu\u00e7\u00f5es tomadas pela maior inst\u00e2ncia deliberativa do ANDES-SN, por meio da consulta \u00e0s atas das plen\u00e1rias e textos de resolu\u00e7\u00e3o consolidados. Tamb\u00e9m&hellip;<\/p>\n","protected":false},"author":3,"featured_media":0,"comment_status":"open","ping_status":"open","sticky":false,"template":"","format":"standard","meta":{"footnotes":""},"categories":[15],"tags":[],"class_list":["post-922","post","type-post","status-publish","format-standard","hentry","category-noticias","category-15","description-off"],"_links":{"self":[{"href":"https:\/\/www.adufpb.org.br\/site\/wp-json\/wp\/v2\/posts\/922","targetHints":{"allow":["GET"]}}],"collection":[{"href":"https:\/\/www.adufpb.org.br\/site\/wp-json\/wp\/v2\/posts"}],"about":[{"href":"https:\/\/www.adufpb.org.br\/site\/wp-json\/wp\/v2\/types\/post"}],"author":[{"embeddable":true,"href":"https:\/\/www.adufpb.org.br\/site\/wp-json\/wp\/v2\/users\/3"}],"replies":[{"embeddable":true,"href":"https:\/\/www.adufpb.org.br\/site\/wp-json\/wp\/v2\/comments?post=922"}],"version-history":[{"count":1,"href":"https:\/\/www.adufpb.org.br\/site\/wp-json\/wp\/v2\/posts\/922\/revisions"}],"predecessor-version":[{"id":928,"href":"https:\/\/www.adufpb.org.br\/site\/wp-json\/wp\/v2\/posts\/922\/revisions\/928"}],"wp:attachment":[{"href":"https:\/\/www.adufpb.org.br\/site\/wp-json\/wp\/v2\/media?parent=922"}],"wp:term":[{"taxonomy":"category","embeddable":true,"href":"https:\/\/www.adufpb.org.br\/site\/wp-json\/wp\/v2\/categories?post=922"},{"taxonomy":"post_tag","embeddable":true,"href":"https:\/\/www.adufpb.org.br\/site\/wp-json\/wp\/v2\/tags?post=922"}],"curies":[{"name":"wp","href":"https:\/\/api.w.org\/{rel}","templated":true}]}}