{"id":9151,"date":"2014-05-30T16:09:52","date_gmt":"2014-05-30T20:09:52","guid":{"rendered":"http:\/\/www.adufpb.org.br\/site\/?p=9151"},"modified":"2014-05-30T16:10:59","modified_gmt":"2014-05-30T20:10:59","slug":"servidores-publicos-se-unem-em-ato-para-a-aprovacao-imediata-da-pec-555","status":"publish","type":"post","link":"https:\/\/www.adufpb.org.br\/site\/servidores-publicos-se-unem-em-ato-para-a-aprovacao-imediata-da-pec-555\/","title":{"rendered":"Servidores p\u00fablicos se unem em ato para a aprova\u00e7\u00e3o imediata da PEC 555"},"content":{"rendered":"<p><em>Representantes de dezenas de categorias do servi\u00e7o p\u00fablico de todo o pa\u00eds participaram de atividade realizada na manh\u00e3 de quinta-feira (29) no Audit\u00f3rio Nereu Ramos, na C\u00e2mara dos Deputados, e exigiram a vota\u00e7\u00e3o da PEC na pr\u00f3xima semana<\/em><\/p>\n<p><a href=\"http:\/\/www.adufpb.org.br\/site\/wp-content\/uploads\/2014\/05\/PEC-555-29.5.2014.jpg\"><img loading=\"lazy\" decoding=\"async\" class=\"alignleft size-medium wp-image-9153\" alt=\"PEC 555 - 29.5.2014\" src=\"http:\/\/www.adufpb.org.br\/site\/wp-content\/uploads\/2014\/05\/PEC-555-29.5.2014-300x204.jpg\" width=\"300\" height=\"204\" srcset=\"https:\/\/www.adufpb.org.br\/site\/wp-content\/uploads\/2014\/05\/PEC-555-29.5.2014-300x204.jpg 300w, https:\/\/www.adufpb.org.br\/site\/wp-content\/uploads\/2014\/05\/PEC-555-29.5.2014.jpg 441w\" sizes=\"auto, (max-width: 300px) 100vw, 300px\" \/><\/a>Servidores p\u00fablicos de todo o pa\u00eds lotaram o Audit\u00f3rio Nereu Ramos da C\u00e2mara dos Deputados na defesa da PEC 555\/2006, na manh\u00e3 de quinta-feira (29). O ato foi uma clara demonstra\u00e7\u00e3o de como o movimento tem se consolidado e fortalecido a partir da integra\u00e7\u00e3o de diversas categorias do servi\u00e7o p\u00fablico, que representaram v\u00e1rios estados brasileiros.<\/p>\n<p>Dezenas de parlamentares expressaram apoio \u00e0 PEC 555 e se comprometeram a articular a vota\u00e7\u00e3o da pauta na pr\u00f3xima semana, antes do in\u00edcio da Copa do Mundo e do recesso parlamentar. Em todas as falas, foi ressaltada a import\u00e2ncia de manter a mobiliza\u00e7\u00e3o como forma de pressionar a vota\u00e7\u00e3o imediata da PEC. Os deputados afirmaram ainda que \u00e9 preciso corrigir a injusti\u00e7a com os servidores p\u00fablicos com a Emenda Constitucional (EC) n\u00ba 41, e que a PEC 555 \u00e9 um dos instrumentos para isto.<\/p>\n<p>Os parlamentares tamb\u00e9m parabenizaram a for\u00e7a do movimento, expressada pela presen\u00e7a massiva de servidores p\u00fablicos e diversas entidades no audit\u00f3rio, que exigiram, por meio de centenas de cartazes e faixas, a vota\u00e7\u00e3o da PEC, \u201cagora e j\u00e1!\u201d, e cobraram mais atua\u00e7\u00e3o dos deputados em rela\u00e7\u00e3o \u00e0 pauta.<\/p>\n<p>O ANDES-SN foi uma das entidades que integrou o ato, organizado pelo Movimento dos Servidores Aposentados e Pensionistas (Instituto Mosap), F\u00f3rum Nacional Permanente de Carreiras T\u00edpicas de Estado (Fonacate), Sindicato Nacional dos Auditores Fiscais da Receita Federal do Brasil (Sindifisco Nacional), Associa\u00e7\u00e3o Nacional dos Auditores-Fiscais da Receita Federal do Brasil (Anfip), Sindicato nacional dos Auditores Fiscais do Trabalho (Sinait) e Associa\u00e7\u00e3o Nacional dos Auditores Fiscais da Receita Federal do Brasil (Unafisco).<\/p>\n<p>\u201cEste \u00e9 um momento importante para n\u00f3s, de coroamento de um trabalho que envolveu a realiza\u00e7\u00e3o de v\u00e1rias audi\u00eancias p\u00fablicas nos estados. 24 parlamentares se pronunciaram neste ato demonstrando apoio \u00e0 aprova\u00e7\u00e3o da PEC\u201d, ressaltou o presidente Instituto Mosap, Edison Guilherme Haubert.<\/p>\n<p>Haubert tamb\u00e9m comentou sobre a presen\u00e7a de parlamentares da base do governo no ato, que se manifestaram favor\u00e1veis \u00e0 PEC 555, e refor\u00e7ou: \u201cn\u00e3o podemos sair daqui hoje s\u00f3 com o nosso movimento. Temos que continuar at\u00e9 a semana que vem, uma semana \u2018D\u2019 para n\u00f3s. Vamos nos manter unidos, nos dirigir a todos os l\u00edderes e parlamentares. O discurso aqui \u00e9 muito bom, mas precisamos do voto deles no plen\u00e1rio\u201d. A PEC 555 tramita desde 2006 no Congresso Nacional, e segue bloqueada na casa pelos principais parlamentares da bancada governista.<\/p>\n<p>O presidente do Mosap convocou todas as entidades a manter a mobiliza\u00e7\u00e3o e dar continuidade aos atos. \u201cDevemos permanecer aqui at\u00e9 a pr\u00f3xima quarta-feira, nas galerias, porque precisamos continuar pressionando. Se isto n\u00e3o acontecer, a PEC n\u00e3o ser\u00e1 votada. H\u00e1 forte resist\u00eancia do Pal\u00e1cio do Planalto ainda em rela\u00e7\u00e3o \u00e0 PEC. O presidente da C\u00e2mara, Henrique Eduardo Alves, precisa colocar nossa pauta em vota\u00e7\u00e3o, mostrando que esta \u00e9 uma casa independente, que n\u00e3o precisa de chancela do Pal\u00e1cio do Planalto\u201d, acrescentou.<\/p>\n<p>Em discursos emocionados, os presidentes do Sindifisco e da Anfip, Claudio Damasceno e Margarida Ara\u00fajo, respectivamente, ressaltaram o poder de mobiliza\u00e7\u00e3o que o ato alcan\u00e7ou, al\u00e9m dos compromissos firmados pelos parlamentares presentes. \u201cO deputado Vicente C\u00e2ndido (PT-SP), um dos l\u00edderes da base governista, nos garantiu que o momento \u00e9 prop\u00edcio para a nossa PEC entrar em vota\u00e7\u00e3o na semana que vem\u201d, exemplificou Margarida. A dirigente aproveitou o momento e fez a leitura dos deputados de S\u00e3o Paulo que n\u00e3o assinaram o requerimento a favor da vota\u00e7\u00e3o da PEC.<\/p>\n<p>\u201cN\u00f3s faremos acontecer a aprova\u00e7\u00e3o da PEC 555\u201d, afirmou Damasceno. A presidente do Sinait, Rosa Maria Campos Jorge, refor\u00e7ou: \u201ceste ato \u00e9 para deixar claro que n\u00e3o vamos arredar o p\u00e9 desta casa at\u00e9 a aprova\u00e7\u00e3o da PEC 555\u201d.<\/p>\n<p><strong>PEC 555\/2006<\/strong><\/p>\n<p>H\u00e1 11 anos os servidores p\u00fablicos aposentados sofrem, mensalmente, com a continua\u00e7\u00e3o dos descontos a t\u00edtulo de contribui\u00e7\u00e3o previdenci\u00e1ria, mesmo tendo contribu\u00eddo para esse fim toda a vida profissional.<\/p>\n<p>\u201cS\u00f3 com o fim definitivo deste equ\u00edvoco haver\u00e1 a devolu\u00e7\u00e3o da equidade para aqueles que tanto fizeram pela constru\u00e7\u00e3o e pelo aperfei\u00e7oamento do Estado brasileiro. N\u00e3o s\u00e3o os aposentados a causa de nenhum desequil\u00edbrio nas contas da Previd\u00eancia Social, mas sim uma s\u00e9rie de desmandos hist\u00f3ricos\u201d, afirmam as entidades organizadoras do ato, que acrescentam: \u201ca sociedade brasileira e os servidores p\u00fablicos exigem a repara\u00e7\u00e3o dessa injusti\u00e7a\u201d.<\/p>\n<p><em>Fonte: ANDES-SN<\/em><\/p>\n","protected":false},"excerpt":{"rendered":"<p>Representantes de dezenas de categorias do servi\u00e7o p\u00fablico de todo o pa\u00eds participaram de atividade realizada na manh\u00e3 de quinta-feira (29) no Audit\u00f3rio Nereu Ramos, na C\u00e2mara dos Deputados, e exigiram a vota\u00e7\u00e3o da PEC na pr\u00f3xima semana Servidores p\u00fablicos de todo o pa\u00eds lotaram o Audit\u00f3rio Nereu Ramos da C\u00e2mara dos Deputados na defesa&hellip;<\/p>\n","protected":false},"author":3,"featured_media":0,"comment_status":"closed","ping_status":"closed","sticky":false,"template":"","format":"standard","meta":{"footnotes":""},"categories":[15],"tags":[159],"class_list":["post-9151","post","type-post","status-publish","format-standard","hentry","category-noticias","tag-pec-555","category-15","description-off"],"_links":{"self":[{"href":"https:\/\/www.adufpb.org.br\/site\/wp-json\/wp\/v2\/posts\/9151","targetHints":{"allow":["GET"]}}],"collection":[{"href":"https:\/\/www.adufpb.org.br\/site\/wp-json\/wp\/v2\/posts"}],"about":[{"href":"https:\/\/www.adufpb.org.br\/site\/wp-json\/wp\/v2\/types\/post"}],"author":[{"embeddable":true,"href":"https:\/\/www.adufpb.org.br\/site\/wp-json\/wp\/v2\/users\/3"}],"replies":[{"embeddable":true,"href":"https:\/\/www.adufpb.org.br\/site\/wp-json\/wp\/v2\/comments?post=9151"}],"version-history":[{"count":2,"href":"https:\/\/www.adufpb.org.br\/site\/wp-json\/wp\/v2\/posts\/9151\/revisions"}],"predecessor-version":[{"id":9154,"href":"https:\/\/www.adufpb.org.br\/site\/wp-json\/wp\/v2\/posts\/9151\/revisions\/9154"}],"wp:attachment":[{"href":"https:\/\/www.adufpb.org.br\/site\/wp-json\/wp\/v2\/media?parent=9151"}],"wp:term":[{"taxonomy":"category","embeddable":true,"href":"https:\/\/www.adufpb.org.br\/site\/wp-json\/wp\/v2\/categories?post=9151"},{"taxonomy":"post_tag","embeddable":true,"href":"https:\/\/www.adufpb.org.br\/site\/wp-json\/wp\/v2\/tags?post=9151"}],"curies":[{"name":"wp","href":"https:\/\/api.w.org\/{rel}","templated":true}]}}