{"id":911,"date":"2010-02-22T09:36:12","date_gmt":"2010-02-22T13:36:12","guid":{"rendered":"http:\/\/www.adufpb.org.br\/site\/contracheque-dos-servidores-tera-parcela-extra-do-auxilio-alimentacao\/"},"modified":"2010-02-22T09:36:12","modified_gmt":"2010-02-22T13:36:12","slug":"contracheque-dos-servidores-tera-parcela-extra-do-auxilio-alimentacao","status":"publish","type":"post","link":"https:\/\/www.adufpb.org.br\/site\/contracheque-dos-servidores-tera-parcela-extra-do-auxilio-alimentacao\/","title":{"rendered":"Contracheque dos servidores ter\u00e1 parcela extra do aux\u00edlio-alimenta\u00e7\u00e3o"},"content":{"rendered":"<p><strong>Bras\u00edlia \u2013 <\/strong>J\u00e1 est\u00e1 dispon\u00edvel para os servidores p\u00fablicos federais no Portal SiapeNet\u00a0 (https:\/\/www.siapenet.gov.br\/Portal\/Servidor.asp) a pr\u00e9via do contracheque de fevereiro, com o novo valor do aux\u00edlio-alimenta\u00e7\u00e3o. Neste m\u00eas, excepcionalmente, al\u00e9m do valor de R$ 304, unificado nacionalmente, ser\u00e1 paga aos que est\u00e3o na ativa a diferen\u00e7a do que foi recebido no contracheque de fevereiro.<\/p>\n<p>Isso ocorrer\u00e1 porque o benef\u00edcio \u00e9 depositado na conta dos servidores de forma antecipada, no m\u00eas a ser trabalhado. A Portaria 42, que determinou que os efeitos financeiros se dessem a partir de 1\u00ba de fevereiro, foi publicada no Di\u00e1rio Oficial da Uni\u00e3o no dia 10, quando o benef\u00edcio j\u00e1 havia sido pago no valor que vigorava at\u00e9 ent\u00e3o.<\/p>\n<p>Portanto, os servidores que est\u00e3o no Distrito Federal receber\u00e3o, al\u00e9m do novo valor, uma parcela de R$ 142,01. Essa quantia refere-se \u00e0 diferen\u00e7a entre os R$ 304 e os R$ 161,99 pagos no contracheque de janeiro, import\u00e2ncia recebida no in\u00edcio deste m\u00eas de fevereiro.<\/p>\n<p>Nos demais Estados, a parcela complementar ir\u00e1 variar conforme o valor anterior do benef\u00edcio. Aonde o aux\u00edlio-alimenta\u00e7\u00e3o era pago a R$ 126, a diferen\u00e7a ser\u00e1 de R$ 178. Em  outros Estados, o valor era de R$ 133,19, portanto haver\u00e1 o pagamento de uma diferen\u00e7a de R$ 170,81; no Rio, S\u00e3o Paulo e Minas, onde eram pagos R$ 143,99 como aux\u00edlio-alimenta\u00e7\u00e3o, haver\u00e1 uma parcela extra de 160,01.<\/p>\n<p><em>Fonte: Minist\u00e9rio do Planejamento<\/em><\/p>\n","protected":false},"excerpt":{"rendered":"<p>Bras\u00edlia \u2013 J\u00e1 est\u00e1 dispon\u00edvel para os servidores p\u00fablicos federais no Portal SiapeNet\u00a0 (https:\/\/www.siapenet.gov.br\/Portal\/Servidor.asp) a pr\u00e9via do contracheque de fevereiro, com o novo valor do aux\u00edlio-alimenta\u00e7\u00e3o. Neste m\u00eas, excepcionalmente, al\u00e9m do valor de R$ 304, unificado nacionalmente, ser\u00e1 paga aos que est\u00e3o na ativa a diferen\u00e7a do que foi recebido no contracheque de fevereiro. Isso&hellip;<\/p>\n","protected":false},"author":3,"featured_media":0,"comment_status":"open","ping_status":"open","sticky":false,"template":"","format":"standard","meta":{"footnotes":""},"categories":[15],"tags":[112,25],"class_list":["post-911","post","type-post","status-publish","format-standard","hentry","category-noticias","tag-auxilio-alimentacao","tag-carreira-docente","category-15","description-off"],"_links":{"self":[{"href":"https:\/\/www.adufpb.org.br\/site\/wp-json\/wp\/v2\/posts\/911","targetHints":{"allow":["GET"]}}],"collection":[{"href":"https:\/\/www.adufpb.org.br\/site\/wp-json\/wp\/v2\/posts"}],"about":[{"href":"https:\/\/www.adufpb.org.br\/site\/wp-json\/wp\/v2\/types\/post"}],"author":[{"embeddable":true,"href":"https:\/\/www.adufpb.org.br\/site\/wp-json\/wp\/v2\/users\/3"}],"replies":[{"embeddable":true,"href":"https:\/\/www.adufpb.org.br\/site\/wp-json\/wp\/v2\/comments?post=911"}],"version-history":[{"count":0,"href":"https:\/\/www.adufpb.org.br\/site\/wp-json\/wp\/v2\/posts\/911\/revisions"}],"wp:attachment":[{"href":"https:\/\/www.adufpb.org.br\/site\/wp-json\/wp\/v2\/media?parent=911"}],"wp:term":[{"taxonomy":"category","embeddable":true,"href":"https:\/\/www.adufpb.org.br\/site\/wp-json\/wp\/v2\/categories?post=911"},{"taxonomy":"post_tag","embeddable":true,"href":"https:\/\/www.adufpb.org.br\/site\/wp-json\/wp\/v2\/tags?post=911"}],"curies":[{"name":"wp","href":"https:\/\/api.w.org\/{rel}","templated":true}]}}