{"id":8984,"date":"2014-05-21T19:39:07","date_gmt":"2014-05-21T23:39:07","guid":{"rendered":"http:\/\/www.adufpb.org.br\/site\/?p=8984"},"modified":"2014-05-22T09:23:49","modified_gmt":"2014-05-22T13:23:49","slug":"em-dia-nacional-de-paralisacao-das-ife-mec-cancela-reuniao-com-o-andes-sn","status":"publish","type":"post","link":"https:\/\/www.adufpb.org.br\/site\/em-dia-nacional-de-paralisacao-das-ife-mec-cancela-reuniao-com-o-andes-sn\/","title":{"rendered":"Em dia nacional de paralisa\u00e7\u00e3o das IFE, MEC cancela reuni\u00e3o com o ANDES-SN"},"content":{"rendered":"<p>No dia em que os docentes de diversas Institui\u00e7\u00f5es Federais de Ensino (IFE) paralisaram as atividades em defesa da pauta de reivindica\u00e7\u00f5es da categoria com atos nas universidades, panfletagem, passeatas e aulas p\u00fablicas, a Secretaria da Educa\u00e7\u00e3o Superior do Minist\u00e9rio da Educa\u00e7\u00e3o (Sesu\/MEC) cancelou a reuni\u00e3o agendada com o ANDES-SN para esta quarta-feira (21), alegando necessidade de viagem do secret\u00e1rio Paulo Speller.<\/p>\n<p>\u201cA reuni\u00e3o j\u00e1 estava agendada h\u00e1 cerca de um m\u00eas. Com essa atitude, o governo sinaliza desconsiderar a urg\u00eancia da pauta, uma vez que colocamos claramente que o retorno da mesa de hoje seria levado para avalia\u00e7\u00e3o na reuni\u00e3o do Setor das Ifes, que acontece neste final de semana\u201d, comenta a presidente do ANDES-SN, Marinalva Oliveira, ressaltando que na pauta da reuni\u00e3o dos docentes tamb\u00e9m est\u00e1 o indicativo de greve da categoria.<\/p>\n<p>Marinalva avalia que h\u00e1 uma intensifica\u00e7\u00e3o na mobiliza\u00e7\u00e3o dos docentes, que seguem atentos aos resultados das reuni\u00f5es entre o Sindicato Nacional e a representa\u00e7\u00e3o do MEC. \u201cA categoria atendeu ao chamamento do para ampliar as atividades e seguir a agenda de mobiliza\u00e7\u00e3o proposta, que indicava esta quarta-feira como Dia Nacional de Paralisa\u00e7\u00e3o em vig\u00edlia \u00e0 reuni\u00e3o que n\u00e3o ocorreu. Durante toda a semana est\u00e3o ocorrendo assembleias na base para discutir o indicativo de greve, que ser\u00e1 avaliado no final de semana\u201d, explica.<\/p>\n<p>Em\u00a0<a href=\"http:\/\/portal.andes.org.br\/imprensa\/noticias\/imp-ult-394119023.pdf\" target=\"_blank\">of\u00edcio encaminhado \u00e0 Sesu\/MEC no in\u00edcio da semana<\/a>, o ANDES-SN alertou sobre a import\u00e2ncia de manuten\u00e7\u00e3o da agenda e ressaltou que por parte da entidade seria mantido o compromisso assumido.<\/p>\n<p>Com o cancelamento da reuni\u00e3o, os diretores do ANDES-SN\u00a0<a href=\"http:\/\/portal.andes.org.br\/imprensa\/noticias\/imp-ult-351105860.pdf\" target=\"_blank\">protocolaram um documento<\/a>\u00a0com os temas que foram priorizados pelo Setor das Ifes para continuidade da discuss\u00e3o sobre a pauta, cobrando resposta urgente do Mec.<\/p>\n<p><strong>Mobiliza\u00e7\u00e3o<\/strong><br \/>\nDurante toda a quarta, os docentes realizaram atividades de mobiliza\u00e7\u00e3o por todo o pa\u00eds por condi\u00e7\u00f5es de trabalho, em defesa da reestrutura\u00e7\u00e3o da carreira docente, valoriza\u00e7\u00e3o salarial de ativos e aposentados e pelo respeito \u00e0 autonomia universit\u00e1ria.<br \/>\nEm v\u00e1rias institui\u00e7\u00f5es foram protocoladas pautas locais de reivindica\u00e7\u00e3o, apontando aos reitores os problemas espec\u00edficos de cada IFE. Seguindo a agenda deliberada pelo Setor das Ifes, at\u00e9 sexta-feira (23) ser\u00e3o realizadas assembleias para discutir a retomada da greve de 2012, apontando indicativo para paralisa\u00e7\u00e3o.<\/p>\n<p><em>Fonte:\u00a0ANDES-SN<\/em><\/p>\n<p style=\"text-align: left;\"><em>\u00a0<\/em><\/p>\n","protected":false},"excerpt":{"rendered":"<p>No dia em que os docentes de diversas Institui\u00e7\u00f5es Federais de Ensino (IFE) paralisaram as atividades em defesa da pauta de reivindica\u00e7\u00f5es da categoria com atos nas universidades, panfletagem, passeatas e aulas p\u00fablicas, a Secretaria da Educa\u00e7\u00e3o Superior do Minist\u00e9rio da Educa\u00e7\u00e3o (Sesu\/MEC) cancelou a reuni\u00e3o agendada com o ANDES-SN para esta quarta-feira (21), alegando&hellip;<\/p>\n","protected":false},"author":3,"featured_media":0,"comment_status":"closed","ping_status":"closed","sticky":false,"template":"","format":"standard","meta":{"footnotes":""},"categories":[15,417],"tags":[92,432],"class_list":["post-8984","post","type-post","status-publish","format-standard","hentry","category-noticias","category-noticias-destaque","tag-andes","tag-campanha-salarial-2014","category-15","category-417","description-off"],"_links":{"self":[{"href":"https:\/\/www.adufpb.org.br\/site\/wp-json\/wp\/v2\/posts\/8984","targetHints":{"allow":["GET"]}}],"collection":[{"href":"https:\/\/www.adufpb.org.br\/site\/wp-json\/wp\/v2\/posts"}],"about":[{"href":"https:\/\/www.adufpb.org.br\/site\/wp-json\/wp\/v2\/types\/post"}],"author":[{"embeddable":true,"href":"https:\/\/www.adufpb.org.br\/site\/wp-json\/wp\/v2\/users\/3"}],"replies":[{"embeddable":true,"href":"https:\/\/www.adufpb.org.br\/site\/wp-json\/wp\/v2\/comments?post=8984"}],"version-history":[{"count":1,"href":"https:\/\/www.adufpb.org.br\/site\/wp-json\/wp\/v2\/posts\/8984\/revisions"}],"predecessor-version":[{"id":8985,"href":"https:\/\/www.adufpb.org.br\/site\/wp-json\/wp\/v2\/posts\/8984\/revisions\/8985"}],"wp:attachment":[{"href":"https:\/\/www.adufpb.org.br\/site\/wp-json\/wp\/v2\/media?parent=8984"}],"wp:term":[{"taxonomy":"category","embeddable":true,"href":"https:\/\/www.adufpb.org.br\/site\/wp-json\/wp\/v2\/categories?post=8984"},{"taxonomy":"post_tag","embeddable":true,"href":"https:\/\/www.adufpb.org.br\/site\/wp-json\/wp\/v2\/tags?post=8984"}],"curies":[{"name":"wp","href":"https:\/\/api.w.org\/{rel}","templated":true}]}}