{"id":8967,"date":"2014-05-16T16:00:17","date_gmt":"2014-05-16T20:00:17","guid":{"rendered":"http:\/\/www.adufpb.org.br\/site\/?p=8967"},"modified":"2014-05-21T10:06:44","modified_gmt":"2014-05-21T14:06:44","slug":"entidades-da-educacao-divulgam-carta-aberta-aos-parlamentares","status":"publish","type":"post","link":"https:\/\/www.adufpb.org.br\/site\/entidades-da-educacao-divulgam-carta-aberta-aos-parlamentares\/","title":{"rendered":"Entidades da Educa\u00e7\u00e3o divulgam carta aberta aos parlamentares"},"content":{"rendered":"<p>ANDES-SN, Fasubra e Sinasefe divulgaram, nesta semana, <a href=\"http:\/\/portal.andes.org.br\/imprensa\/noticias\/imp-ult-940749993.pdf\" target=\"_blank\"><span style=\"color: #ce441f;\"><span style=\"font-family: 'Arial Narrow'; font-size: large;\">carta aberta aos parlamentares<\/span><\/span><\/a>, solicitando a interven\u00e7\u00e3o dos deputados e senadores federais na abertura de negocia\u00e7\u00f5es efetivas, por parte do governo federal, com os docentes e t\u00e9cnico-administrativos em educa\u00e7\u00e3o das Institui\u00e7\u00f5es Federais de Ensino (IFE).<\/p>\n<p>O documento fala sobre o grave estado de precariza\u00e7\u00e3o no qual se encontram as IFE, que compromete a qualidade das atividades acad\u00eamicas, sobre a retirada de direitos e a necessidade de vagas e concursos p\u00fablicos para docentes e t\u00e9cnico-administrativos, \u201cprincipalmente por conta do grave processo de terceiriza\u00e7\u00e3o da for\u00e7a de trabalho que \u00e9 pol\u00edtica oficial anunciada pelos representantes do Minist\u00e9rio do Planejamento\u201d.<\/p>\n<p>As tr\u00eas entidades tamb\u00e9m afirmam que \u00e9 preciso reverter os ataques contra a autonomia e a democracia nas IFE, denunciam a persegui\u00e7\u00e3o de ativistas e dirigentes sindicais e a implementa\u00e7\u00e3o da Empresa Brasileira de Servi\u00e7os Hospitalares (Ebserh). No documento, ANDES-SN, Fasubra e Sinasefe exigem ainda o aprimoramento, restrutura\u00e7\u00e3o e corre\u00e7\u00e3o das distor\u00e7\u00f5es das carreiras dos t\u00e9cnicos e docentes.<\/p>\n<p>As tr\u00eas entidades encontram-se em intensa mobiliza\u00e7\u00e3o em defesa da educa\u00e7\u00e3o p\u00fablica. Em greve desde 17 de mar\u00e7o e 21 de abril, a Fasubra e o Sinasefe t\u00eam empreendido esfor\u00e7os para expandir a paralisa\u00e7\u00e3o em institui\u00e7\u00f5es de todo o pa\u00eds. Esta semana, o ANDES-SN realizou a primeira de duas rodadas de assembleia nas Se\u00e7\u00f5es Sindicais, com a inclus\u00e3o de reivindica\u00e7\u00f5es locais juntos \u00e0s reitorias. A greve est\u00e1 na pauta de todas as Se\u00e7\u00f5es e nas reuni\u00f5es do setor das Ifes do ANDES-SN. O pr\u00f3ximo ciclo de assembleias ser\u00e1 realizado nos dias 22 e 23 de maio, iniciado ap\u00f3s a grande paralisa\u00e7\u00e3o das IFES em v\u00e1rios estados no pr\u00f3ximo dia 21, data da reuni\u00e3o entre a Sesu\/MEC e o Sindicato Nacional. J\u00e1 nos dias 24 e 26, ser\u00e1 realizada a reuni\u00e3o do setor das Ifes do ANDES-SN.<\/p>\n<p>\u201cA Educa\u00e7\u00e3o Federal est\u00e1 disposta a lutar. Por isso, ANDES-SN, Fasubra e Sinasefe convocam os trabalhadores e estudantes de todas as IFE e conclamam o engajamento dos parlamentares num esfor\u00e7o coletivo em defesa da valoriza\u00e7\u00e3o profissional, das condi\u00e7\u00f5es de trabalho e do acesso e perman\u00eancia estudantil, que favore\u00e7am a qualidade do ensino, pesquisa e extens\u00e3o em nossa Rede\u201d, afirmam as entidades, no documento.<\/p>\n<p><em>Fonte: ANDES-SN<\/em><\/p>\n","protected":false},"excerpt":{"rendered":"<p>ANDES-SN, Fasubra e Sinasefe divulgaram, nesta semana, carta aberta aos parlamentares, solicitando a interven\u00e7\u00e3o dos deputados e senadores federais na abertura de negocia\u00e7\u00f5es efetivas, por parte do governo federal, com os docentes e t\u00e9cnico-administrativos em educa\u00e7\u00e3o das Institui\u00e7\u00f5es Federais de Ensino (IFE). O documento fala sobre o grave estado de precariza\u00e7\u00e3o no qual se encontram&hellip;<\/p>\n","protected":false},"author":3,"featured_media":0,"comment_status":"closed","ping_status":"closed","sticky":false,"template":"","format":"standard","meta":{"footnotes":""},"categories":[15],"tags":[],"class_list":["post-8967","post","type-post","status-publish","format-standard","hentry","category-noticias","category-15","description-off"],"_links":{"self":[{"href":"https:\/\/www.adufpb.org.br\/site\/wp-json\/wp\/v2\/posts\/8967","targetHints":{"allow":["GET"]}}],"collection":[{"href":"https:\/\/www.adufpb.org.br\/site\/wp-json\/wp\/v2\/posts"}],"about":[{"href":"https:\/\/www.adufpb.org.br\/site\/wp-json\/wp\/v2\/types\/post"}],"author":[{"embeddable":true,"href":"https:\/\/www.adufpb.org.br\/site\/wp-json\/wp\/v2\/users\/3"}],"replies":[{"embeddable":true,"href":"https:\/\/www.adufpb.org.br\/site\/wp-json\/wp\/v2\/comments?post=8967"}],"version-history":[{"count":1,"href":"https:\/\/www.adufpb.org.br\/site\/wp-json\/wp\/v2\/posts\/8967\/revisions"}],"predecessor-version":[{"id":8969,"href":"https:\/\/www.adufpb.org.br\/site\/wp-json\/wp\/v2\/posts\/8967\/revisions\/8969"}],"wp:attachment":[{"href":"https:\/\/www.adufpb.org.br\/site\/wp-json\/wp\/v2\/media?parent=8967"}],"wp:term":[{"taxonomy":"category","embeddable":true,"href":"https:\/\/www.adufpb.org.br\/site\/wp-json\/wp\/v2\/categories?post=8967"},{"taxonomy":"post_tag","embeddable":true,"href":"https:\/\/www.adufpb.org.br\/site\/wp-json\/wp\/v2\/tags?post=8967"}],"curies":[{"name":"wp","href":"https:\/\/api.w.org\/{rel}","templated":true}]}}