{"id":8946,"date":"2014-05-16T10:24:00","date_gmt":"2014-05-16T14:24:00","guid":{"rendered":"http:\/\/www.adufpb.org.br\/site\/?p=8946"},"modified":"2014-05-16T10:24:00","modified_gmt":"2014-05-16T14:24:00","slug":"nota-de-pesar-41","status":"publish","type":"post","link":"https:\/\/www.adufpb.org.br\/site\/nota-de-pesar-41\/","title":{"rendered":"NOTA DE PESAR"},"content":{"rendered":"<p><span style=\"font-size: large;\">A Diretoria Executiva e funcion\u00e1rios da ADUFPB v\u00eam a p\u00fablico manifestar o seu profundo pesar pelo falecimento, ocorrido no dia 14 de maio de 2014, do Sr. ANTONIO PEREIRA, pai de Valdete Lacerda, funcion\u00e1ria da ADUFPB.<\/span><\/p>\n<p><span style=\"font-size: large;\">\u00c0 nossa querida Valdete, bem como aos membros da fam\u00edlia e amigos, nossos p\u00easames.<\/span><\/p>\n<p style=\"text-align: center;\"><span style=\"font-size: large;\">Jo\u00e3o Pessoa, 14 de maio de 2014.<\/span><\/p>\n<p style=\"text-align: center;\"><span style=\"font-size: large;\">DIRETORIA EXECUTIVA<\/span><\/p>\n<p style=\"text-align: center;\"><span style=\"font-size: large;\">FUNCION\u00c1RIOS DA ADUFPB<\/span><\/p>\n","protected":false},"excerpt":{"rendered":"<p>A Diretoria Executiva e funcion\u00e1rios da ADUFPB v\u00eam a p\u00fablico manifestar o seu profundo pesar pelo falecimento, ocorrido no dia 14 de maio de 2014, do Sr. ANTONIO PEREIRA, pai de Valdete Lacerda, funcion\u00e1ria da ADUFPB. \u00c0 nossa querida Valdete, bem como aos membros da fam\u00edlia e amigos, nossos p\u00easames. Jo\u00e3o Pessoa, 14 de maio&hellip;<\/p>\n","protected":false},"author":3,"featured_media":0,"comment_status":"closed","ping_status":"closed","sticky":false,"template":"","format":"standard","meta":{"footnotes":""},"categories":[15],"tags":[],"class_list":["post-8946","post","type-post","status-publish","format-standard","hentry","category-noticias","category-15","description-off"],"_links":{"self":[{"href":"https:\/\/www.adufpb.org.br\/site\/wp-json\/wp\/v2\/posts\/8946","targetHints":{"allow":["GET"]}}],"collection":[{"href":"https:\/\/www.adufpb.org.br\/site\/wp-json\/wp\/v2\/posts"}],"about":[{"href":"https:\/\/www.adufpb.org.br\/site\/wp-json\/wp\/v2\/types\/post"}],"author":[{"embeddable":true,"href":"https:\/\/www.adufpb.org.br\/site\/wp-json\/wp\/v2\/users\/3"}],"replies":[{"embeddable":true,"href":"https:\/\/www.adufpb.org.br\/site\/wp-json\/wp\/v2\/comments?post=8946"}],"version-history":[{"count":1,"href":"https:\/\/www.adufpb.org.br\/site\/wp-json\/wp\/v2\/posts\/8946\/revisions"}],"predecessor-version":[{"id":8947,"href":"https:\/\/www.adufpb.org.br\/site\/wp-json\/wp\/v2\/posts\/8946\/revisions\/8947"}],"wp:attachment":[{"href":"https:\/\/www.adufpb.org.br\/site\/wp-json\/wp\/v2\/media?parent=8946"}],"wp:term":[{"taxonomy":"category","embeddable":true,"href":"https:\/\/www.adufpb.org.br\/site\/wp-json\/wp\/v2\/categories?post=8946"},{"taxonomy":"post_tag","embeddable":true,"href":"https:\/\/www.adufpb.org.br\/site\/wp-json\/wp\/v2\/tags?post=8946"}],"curies":[{"name":"wp","href":"https:\/\/api.w.org\/{rel}","templated":true}]}}