{"id":8909,"date":"2014-05-07T15:25:02","date_gmt":"2014-05-07T19:25:02","guid":{"rendered":"http:\/\/www.adufpb.org.br\/site\/?p=8909"},"modified":"2014-05-09T15:25:34","modified_gmt":"2014-05-09T19:25:34","slug":"caravana-da-educacao-federal-reune-cerca-de-2-mil-pessoas-em-brasilia","status":"publish","type":"post","link":"https:\/\/www.adufpb.org.br\/site\/caravana-da-educacao-federal-reune-cerca-de-2-mil-pessoas-em-brasilia\/","title":{"rendered":"Caravana da Educa\u00e7\u00e3o Federal re\u00fane cerca de 2 mil pessoas em Bras\u00edlia"},"content":{"rendered":"<p><a href=\"http:\/\/www.adufpb.org.br\/site\/wp-content\/uploads\/2014\/05\/brasilia-06.05.2014-2.jpg\"><img loading=\"lazy\" decoding=\"async\" class=\"alignleft size-medium wp-image-8910\" alt=\"brasilia - 06.05.2014 - 2\" src=\"http:\/\/www.adufpb.org.br\/site\/wp-content\/uploads\/2014\/05\/brasilia-06.05.2014-2-300x225.jpg\" width=\"300\" height=\"225\" srcset=\"https:\/\/www.adufpb.org.br\/site\/wp-content\/uploads\/2014\/05\/brasilia-06.05.2014-2-300x225.jpg 300w, https:\/\/www.adufpb.org.br\/site\/wp-content\/uploads\/2014\/05\/brasilia-06.05.2014-2-1024x768.jpg 1024w\" sizes=\"auto, (max-width: 300px) 100vw, 300px\" \/><\/a>ANDES-SN, Fasubra e Sinasefe, em articula\u00e7\u00e3o com a Oposi\u00e7\u00e3o de Esquerda da UNE e com a Assembleia Nacional dos Estudantes Livre (Anel), realizaram na tarde da \u00faltima ter\u00e7a-feira (6) a Caravana da Educa\u00e7\u00e3o Federal em Bras\u00edlia. Cerca de dois mil trabalhadores do setor da educa\u00e7\u00e3o federal e estudantes se reuniram em frente ao Minist\u00e9rio da Educa\u00e7\u00e3o (MEC) para protestar por melhorias na educa\u00e7\u00e3o p\u00fablica e para exigir do minist\u00e9rio a negocia\u00e7\u00e3o sobre pautas das categorias. A ADUFPB esteve presente na mobiliza\u00e7\u00e3o.<\/p>\n<p>O ministro Jos\u00e9 Henrique Paim se negou a receber os manifestantes. O ato iniciou com a fala das tr\u00eas entidades organizadoras.\u00a0Luiz Ant\u00f4nio Silva, da dire\u00e7\u00e3o da Fasubra, lembrou que aquele protesto era um recado ao autoritarismo do governo federal, que se nega a negociar e a avan\u00e7ar na pauta da educa\u00e7\u00e3o federal. Disse tamb\u00e9m que todos os pol\u00edticos falam de educa\u00e7\u00e3o, por\u00e9m, quando \u00e9 hora de dar o exemplo, todos deixam a educa\u00e7\u00e3o p\u00fablica de lado e n\u00e3o s\u00e3o dignos da pauta. Silva concluiu afirmando que o movimento da educa\u00e7\u00e3o estava sendo criminalizado pelo governo e que a hora \u00e9 de refor\u00e7ar a luta. \u201cA intransig\u00eancia e as mentiras do governo v\u00e3o continuar, e \u00e9 com a luta que pressionaremos para que a negocia\u00e7\u00f5es avancem\u201d, apontou Luiz Ant\u00f4nio Silva.<\/p>\n<p>Em seguida falou Alexandre Fleming, da coordena\u00e7\u00e3o geral do Sinasefe. Fleming destacou que as bases das categorias da educa\u00e7\u00e3o querem unidade para pressionar o governo e abrir di\u00e1logo sobre as pautas. O diretor do Sinasefe ainda apontou que as condi\u00e7\u00f5es de trabalho t\u00eam piorado muito, e que os sal\u00e1rios est\u00e3o muito corro\u00eddos pela infla\u00e7\u00e3o e pela falta de reajustes. Fleming disse que os Grupos de Trabalho de sua categoria com o governo n\u00e3o avan\u00e7aram em nada no \u00faltimo per\u00edodo e que \u00e9 necess\u00e1rio lutar para reverter as negocia\u00e7\u00f5es em favor dos trabalhadores.<\/p>\n<p><a href=\"http:\/\/www.adufpb.org.br\/site\/wp-content\/uploads\/2014\/05\/brasilia-06.05.2014-2.jpg\"><img loading=\"lazy\" decoding=\"async\" class=\"alignright size-medium wp-image-8910\" alt=\"brasilia - 06.05.2014 - 2\" src=\"http:\/\/www.adufpb.org.br\/site\/wp-content\/uploads\/2014\/05\/brasilia-06.05.2014-2-300x225.jpg\" width=\"300\" height=\"225\" srcset=\"https:\/\/www.adufpb.org.br\/site\/wp-content\/uploads\/2014\/05\/brasilia-06.05.2014-2-300x225.jpg 300w, https:\/\/www.adufpb.org.br\/site\/wp-content\/uploads\/2014\/05\/brasilia-06.05.2014-2-1024x768.jpg 1024w\" sizes=\"auto, (max-width: 300px) 100vw, 300px\" \/><\/a>Marinalva Oliveira, presidente do ANDES-SN, foi a pr\u00f3xima a falar. Ela afirmou a import\u00e2ncia da unidade entre as tr\u00eas categorias, e tamb\u00e9m com os estudantes. Lembrou que o governo quer destruir a educa\u00e7\u00e3o p\u00fablica, e que a luta por qualidade, por melhores condi\u00e7\u00f5es de trabalho e por assist\u00eancia estudantil \u00e9 a resposta dos movimentos organizados. \u201cO governo s\u00f3 responde pressionado. Somos n\u00f3s quem constru\u00edmos diariamente a educa\u00e7\u00e3o p\u00fablica nesse pa\u00eds, e temos que continuar nos mobilizando. S\u00f3 com luta vamos arrancar algo concreto deste governo\u201d, concluiu a presidente do ANDES-SN.<\/p>\n<p>Em seguida falaram as representa\u00e7\u00f5es estudantis presentes. Camila Souza, da Oposi\u00e7\u00e3o de Esquerda da UNE, reafirmou o apoio dos estudantes \u00e0s mobiliza\u00e7\u00f5es das categorias da educa\u00e7\u00e3o federal e lembrou que \u00e9 uma enorme contradi\u00e7\u00e3o o governo investir 30 bilh\u00f5es de reais na Copa do Mundo e destinar 50% do or\u00e7amento da Uni\u00e3o para pagamento de juros e amortiza\u00e7\u00f5es da d\u00edvida, enquanto se nega a investir em educa\u00e7\u00e3o p\u00fablica e a negociar com os trabalhadores. Ela tamb\u00e9m fez um chamado \u00e0 participa\u00e7\u00e3o no Encontro Nacional de Educa\u00e7\u00e3o (ENE), que acontece em agosto na cidade do Rio de Janeiro, e na mobiliza\u00e7\u00e3o de 15 de maio (15M), que mostrar\u00e1 ao pa\u00eds que \u201cna Copa vai ter luta\u201d.<\/p>\n<p><a href=\"http:\/\/www.adufpb.org.br\/site\/wp-content\/uploads\/2014\/05\/brasilia-06.05.2014.jpg\"><img loading=\"lazy\" decoding=\"async\" class=\"alignleft size-medium wp-image-8913\" alt=\"brasilia - 06.05.2014\" src=\"http:\/\/www.adufpb.org.br\/site\/wp-content\/uploads\/2014\/05\/brasilia-06.05.2014-300x225.jpg\" width=\"300\" height=\"225\" srcset=\"https:\/\/www.adufpb.org.br\/site\/wp-content\/uploads\/2014\/05\/brasilia-06.05.2014-300x225.jpg 300w, https:\/\/www.adufpb.org.br\/site\/wp-content\/uploads\/2014\/05\/brasilia-06.05.2014-1024x768.jpg 1024w\" sizes=\"auto, (max-width: 300px) 100vw, 300px\" \/><\/a>Lucas Brito, da Anel, relembrou a import\u00e2ncia da greve de 2012, que imp\u00f4s uma derrota pol\u00edtica ao governo por causa da enorme mobiliza\u00e7\u00e3o das categorias. O estudante ainda apontou que o governo federal escolheu um lado, que \u00e9 o dos empreiteiros e banqueiros, e n\u00e3o o dos trabalhadores e da educa\u00e7\u00e3o. Brito, por fim, refor\u00e7ou o chamamento para a participa\u00e7\u00e3o no ENE e no 15M. \u201cTemos que engrossar as lutas para fazer com que haja uma invers\u00e3o de prioridade nas pautas do governo\u201d, afirmou.<\/p>\n<p>Ap\u00f3s as falas dos estudantes, foi aberto o microfone para das entidades de base se pronunciarem. Enquanto isso, dirigentes nacionais pressionavam para serem recebidos no MEC, conforme solicitado por of\u00edcio na \u00faltima semana. Por\u00e9m, o ministro Paim avisou que n\u00e3o se reuniria com os manifestantes, o que gerou uma enorme vaia dos presentes.<\/p>\n<p><strong>Categoria mobilizada em todo o Brasil<\/strong><\/p>\n<p>Muitos professores, organizados em se\u00e7\u00f5es sindicais do ANDES-SN, vieram a Bras\u00edlia para a atividade. Delega\u00e7\u00f5es de todas as regi\u00f5es do pa\u00eds estiveram presentes para protestar em defesa da educa\u00e7\u00e3o p\u00fablica, por melhores condi\u00e7\u00f5es de trabalho e pela reestrutura\u00e7\u00e3o da carreira docente. Benedito Magalh\u00e3es, do Sindicato dos Docentes do Cefet-MG (Sindicefet-SSind), disse que a mobiliza\u00e7\u00e3o era necess\u00e1ria, e que ela deve crescer nas bases do movimento docente.<\/p>\n<p><a href=\"http:\/\/www.adufpb.org.br\/site\/wp-content\/uploads\/2014\/05\/brasilia-06.05.2014-4.jpg\"><img loading=\"lazy\" decoding=\"async\" class=\"alignright size-medium wp-image-8912\" alt=\"brasilia - 06.05.2014 - 4\" src=\"http:\/\/www.adufpb.org.br\/site\/wp-content\/uploads\/2014\/05\/brasilia-06.05.2014-4-300x178.jpg\" width=\"300\" height=\"178\" srcset=\"https:\/\/www.adufpb.org.br\/site\/wp-content\/uploads\/2014\/05\/brasilia-06.05.2014-4-300x178.jpg 300w, https:\/\/www.adufpb.org.br\/site\/wp-content\/uploads\/2014\/05\/brasilia-06.05.2014-4.jpg 500w\" sizes=\"auto, (max-width: 300px) 100vw, 300px\" \/><\/a>J\u00e1 Luciano Coutinho, da Associa\u00e7\u00e3o dos Docentes da Universidade Federal do Rio de Janeiro (Adufrj-SSind), lembrou que a unidade efetiva das categorias na luta fundamental para a defesa da educa\u00e7\u00e3o p\u00fablica e para enfrentar o governo \u2013 que busca fragmentar as categorias. Coutinho considerou a manifesta\u00e7\u00e3o importante por dar visibilidade ao movimento e mostrar que as categorias est\u00e3o dispostas a negociar.<\/p>\n<p>Suelene Pav\u00e3o, da Associa\u00e7\u00e3o dos Docentes da Universidade Federal do Par\u00e1 (Adufpa-SSind), afirmou que viajou de Bel\u00e9m a Bras\u00edlia porque a mobiliza\u00e7\u00e3o pela educa\u00e7\u00e3o p\u00fablica \u00e9 necess\u00e1ria. Suelene disse que \u00e9 necess\u00e1rio que o governo escute os trabalhadores e que inverta suas prioridades, investindo de verdade em educa\u00e7\u00e3o e sa\u00fade p\u00fablicas. A professora ainda lembrou que a precariza\u00e7\u00e3o do trabalho vem adoecendo a categoria, e que esse problema deve ser combatido o quanto antes.<\/p>\n<p><em>Fonte: ANDES-SN<\/em><\/p>\n","protected":false},"excerpt":{"rendered":"<p>ANDES-SN, Fasubra e Sinasefe, em articula\u00e7\u00e3o com a Oposi\u00e7\u00e3o de Esquerda da UNE e com a Assembleia Nacional dos Estudantes Livre (Anel), realizaram na tarde da \u00faltima ter\u00e7a-feira (6) a Caravana da Educa\u00e7\u00e3o Federal em Bras\u00edlia. Cerca de dois mil trabalhadores do setor da educa\u00e7\u00e3o federal e estudantes se reuniram em frente ao Minist\u00e9rio da&hellip;<\/p>\n","protected":false},"author":3,"featured_media":0,"comment_status":"closed","ping_status":"closed","sticky":false,"template":"","format":"standard","meta":{"footnotes":""},"categories":[15],"tags":[432,445,216],"class_list":["post-8909","post","type-post","status-publish","format-standard","hentry","category-noticias","tag-campanha-salarial-2014","tag-caravana","tag-educacao","category-15","description-off"],"_links":{"self":[{"href":"https:\/\/www.adufpb.org.br\/site\/wp-json\/wp\/v2\/posts\/8909","targetHints":{"allow":["GET"]}}],"collection":[{"href":"https:\/\/www.adufpb.org.br\/site\/wp-json\/wp\/v2\/posts"}],"about":[{"href":"https:\/\/www.adufpb.org.br\/site\/wp-json\/wp\/v2\/types\/post"}],"author":[{"embeddable":true,"href":"https:\/\/www.adufpb.org.br\/site\/wp-json\/wp\/v2\/users\/3"}],"replies":[{"embeddable":true,"href":"https:\/\/www.adufpb.org.br\/site\/wp-json\/wp\/v2\/comments?post=8909"}],"version-history":[{"count":1,"href":"https:\/\/www.adufpb.org.br\/site\/wp-json\/wp\/v2\/posts\/8909\/revisions"}],"predecessor-version":[{"id":8914,"href":"https:\/\/www.adufpb.org.br\/site\/wp-json\/wp\/v2\/posts\/8909\/revisions\/8914"}],"wp:attachment":[{"href":"https:\/\/www.adufpb.org.br\/site\/wp-json\/wp\/v2\/media?parent=8909"}],"wp:term":[{"taxonomy":"category","embeddable":true,"href":"https:\/\/www.adufpb.org.br\/site\/wp-json\/wp\/v2\/categories?post=8909"},{"taxonomy":"post_tag","embeddable":true,"href":"https:\/\/www.adufpb.org.br\/site\/wp-json\/wp\/v2\/tags?post=8909"}],"curies":[{"name":"wp","href":"https:\/\/api.w.org\/{rel}","templated":true}]}}