{"id":8898,"date":"2014-05-09T13:16:13","date_gmt":"2014-05-09T17:16:13","guid":{"rendered":"http:\/\/www.adufpb.org.br\/site\/?p=8898"},"modified":"2014-05-09T15:16:12","modified_gmt":"2014-05-09T19:16:12","slug":"servidores-federais-marcham-na-esplanada-e-cobram-valorizacao-do-servico-publico","status":"publish","type":"post","link":"https:\/\/www.adufpb.org.br\/site\/servidores-federais-marcham-na-esplanada-e-cobram-valorizacao-do-servico-publico\/","title":{"rendered":"Servidores Federais marcham na Esplanada e cobram valoriza\u00e7\u00e3o do servi\u00e7o p\u00fablico"},"content":{"rendered":"<p><span style=\"font-family: Arial;\"><img loading=\"lazy\" decoding=\"async\" class=\"alignleft\" alt=\"\" src=\"https:\/\/ci5.googleusercontent.com\/proxy\/0KO3fIa0wCfKezDQ6fj49w86EzDiJxqjD-VBLsMGXqhCjm2IkdoKF4HpGWOoE9yrtJ4rQzN9moYZ3WsGOrS3DbIGqQOKl1Hpsa7kT8o6lbaqwSb4vYqscw=s0-d-e1-ft#http:\/\/portal.andes.org.br\/imprensa\/noticias\/imp-ult-878328078.jpg\" width=\"421\" height=\"300\" \/>Mais de 5 mil trabalhadores marcaram presen\u00e7a no cora\u00e7\u00e3o de Bras\u00edlia na Marcha dos Servidores P\u00fablicos Federais (SPFs) nessa quarta-feira (7). A luta por servi\u00e7os p\u00fablicos de qualidade, contra as privatiza\u00e7\u00f5es e pela valoriza\u00e7\u00e3o funcionalismo federal foram as principais pautas que levaram os manifestantes a enfrentar o forte sol e a ocupar a Esplanada dos Minist\u00e9rios por toda a manh\u00e3.<\/span><\/p>\n<p>A concentra\u00e7\u00e3o para o ato teve in\u00edcio \u00e0s 9h, em frente \u00e0 Catedral de Bras\u00edlia. Aos poucos chegavam \u00f4nibus de todo o pa\u00eds, trazendo servidores das diversas categorias representadas no F\u00f3rum das Entidades Nacionais dos SPF, para exigir seus direitos e protestar contra o descaso do governo federal. \u00c0s 11h teve in\u00edcio a Marcha, que fechou pistas da Esplanada e partiu em dire\u00e7\u00e3o ao Minist\u00e9rio de Planejamento, Or\u00e7amento e Gest\u00e3o (Mpog).<\/p>\n<p>L\u00e1 os manifestantes se encontraram com as delega\u00e7\u00f5es de Fasubra e Sinasefe, que desde a madrugada trancavam as entradas do minist\u00e9rio, cobrando do governo a abertura de negocia\u00e7\u00e3o sobre as pautas de suas greves. Do alto do carro de som, os organizadores da Marcha deram in\u00edcio \u00e0s falas das entidades e categorias presentes, que expuseram suas pautas espec\u00edficas, deram informes sobre a mobiliza\u00e7\u00e3o nas bases e reafirmaram a import\u00e2ncia da luta conjunta entre os SPFs. Falaram, entre outras entidades, representantes da Assibge, da Fasubra, do Sindireceita, do Sinal, da Fenasps, do Sinasefe e da Fenajufe, al\u00e9m de representantes das centrais sindicais. Os trabalhadores em greve da Ind\u00fastria de Metal B\u00e9lico do Brasil (Imbel) e do Instituto Nacional de Meteorologia (Inmet) tamb\u00e9m discursaram.<\/p>\n<p><img loading=\"lazy\" decoding=\"async\" class=\"alignright\" alt=\"\" src=\"https:\/\/ci6.googleusercontent.com\/proxy\/ec8Njds9NevWAJnLgMfgPfqRyaC6udPt2XkSNiHK1_SgO9_28Uo_LQ-jbBEgUHp8mDl0056DuhZyX0w3JjUZqWTNs9Wu3meFFqHdAcwWjNzzL0xnQ2AMCNU=s0-d-e1-ft#http:\/\/portal.andes.org.br\/imprensa\/noticias\/imp-ult-1290617937.jpg\" width=\"451\" height=\"300\" \/><span style=\"font-family: Arial;\">Marinalva Oliveira, presidente do ANDES-SN, falou aos servidores presentes sobre os ataques que o governo vem realizando contra o servi\u00e7o p\u00fablico. Ela lembrou que hoje h\u00e1 uma invers\u00e3o de prioridades e que o governo investe cada vez mais dinheiro p\u00fablico em esferas privadas. Marinalva ainda apontou que a Marcha era vitoriosa pela mobiliza\u00e7\u00e3o das categorias e que a hora \u00e9 de intensificar a luta nos locais de trabalho para conseguir pressionar ainda mais o governo federal para que negocie com os SPFs. \u201cEsse governo s\u00f3 responde quando \u00e9 pressionado e j\u00e1 disse que n\u00e3o vai negociar, ent\u00e3o temos que aumentar a mobiliza\u00e7\u00e3o para conseguir reverter a situa\u00e7\u00e3o\u201d, concluiu a presidente do ANDES-SN.<\/span><\/p>\n<p><span style=\"font-family: Arial;\">Paulo Barela, da Secretaria Executiva Nacional da CSP-Conlutas, tamb\u00e9m se dirigiu aos manifestantes. O dirigente afirmou que o governo federal investiu 34 bilh\u00f5es de reais na Copa do Mundo, enquanto deixa o servi\u00e7o p\u00fablico de lado, o que demonstra que \u201cnesse governo, quem ganha s\u00e3o os empres\u00e1rios e a Fifa\u201d. Barela ainda lembrou que o governo tem realizado pol\u00edticas de isen\u00e7\u00e3o fiscal para setores do empresariado, mas segue sem investir nos servi\u00e7os p\u00fablicos de qualidade para a popula\u00e7\u00e3o. \u201c\u00c9 hora de pegarmos o exemplo dos garis do Rio de Janeiro, dos rodovi\u00e1rios de Porto Alegre, e de muitas outras categorias em luta pelo pa\u00eds para unificar nossas lutas e avan\u00e7ar na conquista de direitos\u201d, destacou.<\/span><\/p>\n<p><img loading=\"lazy\" decoding=\"async\" class=\"alignleft\" alt=\"\" src=\"https:\/\/ci3.googleusercontent.com\/proxy\/htiyIXi3b9kRgLOBeOIrW_FSO1VJFSpICoPuzIUD3-ujzcSIaU6JRDNXWPf9rouGN6BJzdwTlqACfyBM0hwKpXY-N7DTjVslct5fqEnSDny7RG39wScDOg=s0-d-e1-ft#http:\/\/portal.andes.org.br\/imprensa\/noticias\/imp-ult-777613317.jpg\" width=\"324\" height=\"300\" \/><span style=\"font-family: Arial;\">O representante da Confedera\u00e7\u00e3o dos Trabalhadores no Servi\u00e7o P\u00fablico Federal (Condsef), Marizar Mansiglia, saudou os militantes que resistem contra os ataques do governo federal do servi\u00e7o p\u00fablico. \u201cEsse ato simboliza a nossa arrancada para combater o entreguismo do servi\u00e7o p\u00fablico por parte da Dilma\u201d afirmou. Ele ainda lembrou a import\u00e2ncia da manuten\u00e7\u00e3o das lutas durante a realiza\u00e7\u00e3o da Copa do Mundo, e terminou sua fala afirmando que na \u201cCopa vai ter luta\u201d.<br \/>\n<\/span><strong><br \/>\n<\/strong><span style=\"font-family: Arial;\"><strong>Entidades pressionam e s\u00e3o recebidas<\/strong><br \/>\n<\/span><span style=\"font-family: Arial;\">Na madrugada desta quarta-feira (7), Fasubra e Sinasefe bloquearam as entradas do bloco C da Esplanada, onde funcionam algumas secretarias do Minist\u00e9rio do Planejamento, entre elas a Secretaria de Rela\u00e7\u00f5es do Trabalho. A a\u00e7\u00e3o vitoriosa serviu para pressionar o governo federal a se reunir com as entidades em greve. \u00c0s 10 horas, uma comiss\u00e3o formada por coordenadores e representantes dos Comandos Nacionais de Greve foi recebida pelo secret\u00e1rio da SRT\/Mpog, S\u00e9rgio Mendon\u00e7a, e pelo secret\u00e1rio de Educa\u00e7\u00e3o Superior do MEC, Paulo Speller.<\/span><\/p>\n<p><span style=\"font-family: Arial;\">Depois de muita conversa, os trabalhadores conseguiram dos representantes do Executivo o compromisso de uma resposta \u00e0s pautas das categorias num prazo de 15 dias. Uma nova reuni\u00e3o foi agendada para o dia 22 de maio.<\/span><\/p>\n<p>De acordo com o informe das entidades, o governo sinalizou que h\u00e1 pouca \u2018margem de manobra\u2019 para negociar com os trabalhadores da educa\u00e7\u00e3o federal, mas que buscaria dar retorno at\u00e9 a pr\u00f3xima reuni\u00e3o.<\/p>\n<p><img loading=\"lazy\" decoding=\"async\" class=\"alignright\" alt=\"\" src=\"https:\/\/ci3.googleusercontent.com\/proxy\/hivFjyN2uvL_KQDobtd5HiVT7Y-qLJTVlg75UnW00GKhCjjuhV6nvnJniV6jjTxX2781uYrmwGC65wScrwi_P2sCBqjzChT1Zz7ODcVWjLWFc8TRAkzONX8=s0-d-e1-ft#http:\/\/portal.andes.org.br\/imprensa\/noticias\/imp-ult-1991068125.jpg\" width=\"450\" height=\"300\" \/><span style=\"font-family: Arial;\">\u201cA vit\u00f3ria de hoje foi um sinal claro de que s\u00f3 a mobiliza\u00e7\u00e3o e o fortalecimento da greve vai fazer com que sejamos atendidos. Vamos ampliar a nossa luta e assim conseguir com que o governo aumente tamb\u00e9m sua margem de manobra\u201d, ressaltou Alexandre Fleming, coordenador geral do Sinasefe. Ele lembrou que no dia anterior o MEC havia se recusado a receber ANDES-SN, Fasubra e Sinasefe, durante a Caravana da Educa\u00e7\u00e3o Federal.<\/span><\/p>\n<p>Terminada a ocupa\u00e7\u00e3o do Mpog, Fasubra e Sinasefe se juntaram \u00e0 Marcha, que seguiu em dire\u00e7\u00e3o ao acampamento da Fasubra, na no gramado central da Esplanada em frente ao Museu da Rep\u00fablica, onde o ato foi encerrado.<\/p>\n<p><span style=\"font-family: Arial;\"><strong>Plen\u00e1ria dos SPF<\/strong><br \/>\n\u00c0s 15 horas, os trabalhadores das entidades do F\u00f3rum dos SPF se reuniram em plen\u00e1ria, na tenda do acampamento da Fasubra, para avaliar o ato e tirar encaminhamentos para as pr\u00f3ximas a\u00e7\u00f5es.<\/span><\/p>\n<p>Os dirigentes nacionais e representantes das entidades de base fizeram relatos de como est\u00e1 a mobiliza\u00e7\u00e3o em suas bases e v\u00e1rias falas apontaram a necessidade de intensifica\u00e7\u00e3o e unidade da luta.<\/p>\n<p>Foi aprovado incorporar no calend\u00e1rio dos servidores federais mobiliza\u00e7\u00f5es nos estados nos dias 15 de maio, Dia Internacional de Luta Contra as Remo\u00e7\u00f5es promovidas pela Copa do Mundo, e 12 de junho \u2013 data do primeiro jogo do campeonato mundial de futebol. Uma nova reuni\u00e3o do F\u00f3rum dos SPF foi agendada para 20 de maio, em Bras\u00edlia.<\/p>\n","protected":false},"excerpt":{"rendered":"<p>Mais de 5 mil trabalhadores marcaram presen\u00e7a no cora\u00e7\u00e3o de Bras\u00edlia na Marcha dos Servidores P\u00fablicos Federais (SPFs) nessa quarta-feira (7).<\/p>\n","protected":false},"author":1,"featured_media":8901,"comment_status":"closed","ping_status":"closed","sticky":false,"template":"","format":"standard","meta":{"footnotes":""},"categories":[15,417],"tags":[],"class_list":["post-8898","post","type-post","status-publish","format-standard","has-post-thumbnail","hentry","category-noticias","category-noticias-destaque","category-15","category-417","description-off"],"_links":{"self":[{"href":"https:\/\/www.adufpb.org.br\/site\/wp-json\/wp\/v2\/posts\/8898","targetHints":{"allow":["GET"]}}],"collection":[{"href":"https:\/\/www.adufpb.org.br\/site\/wp-json\/wp\/v2\/posts"}],"about":[{"href":"https:\/\/www.adufpb.org.br\/site\/wp-json\/wp\/v2\/types\/post"}],"author":[{"embeddable":true,"href":"https:\/\/www.adufpb.org.br\/site\/wp-json\/wp\/v2\/users\/1"}],"replies":[{"embeddable":true,"href":"https:\/\/www.adufpb.org.br\/site\/wp-json\/wp\/v2\/comments?post=8898"}],"version-history":[{"count":3,"href":"https:\/\/www.adufpb.org.br\/site\/wp-json\/wp\/v2\/posts\/8898\/revisions"}],"predecessor-version":[{"id":8902,"href":"https:\/\/www.adufpb.org.br\/site\/wp-json\/wp\/v2\/posts\/8898\/revisions\/8902"}],"wp:featuredmedia":[{"embeddable":true,"href":"https:\/\/www.adufpb.org.br\/site\/wp-json\/wp\/v2\/media\/8901"}],"wp:attachment":[{"href":"https:\/\/www.adufpb.org.br\/site\/wp-json\/wp\/v2\/media?parent=8898"}],"wp:term":[{"taxonomy":"category","embeddable":true,"href":"https:\/\/www.adufpb.org.br\/site\/wp-json\/wp\/v2\/categories?post=8898"},{"taxonomy":"post_tag","embeddable":true,"href":"https:\/\/www.adufpb.org.br\/site\/wp-json\/wp\/v2\/tags?post=8898"}],"curies":[{"name":"wp","href":"https:\/\/api.w.org\/{rel}","templated":true}]}}