{"id":8807,"date":"2014-04-23T09:44:13","date_gmt":"2014-04-23T13:44:13","guid":{"rendered":"http:\/\/www.adufpb.org.br\/site\/?p=8807"},"modified":"2014-04-23T09:44:13","modified_gmt":"2014-04-23T13:44:13","slug":"entidades-do-setor-da-educacao-preparam-caravana-a-brasilia-em-6-de-maio","status":"publish","type":"post","link":"https:\/\/www.adufpb.org.br\/site\/entidades-do-setor-da-educacao-preparam-caravana-a-brasilia-em-6-de-maio\/","title":{"rendered":"Entidades do setor da Educa\u00e7\u00e3o preparam caravana a Bras\u00edlia em 6 de maio"},"content":{"rendered":"<p>Entidades representantes dos tr\u00eas segmentos da educa\u00e7\u00e3o federal &#8211; estudantes, t\u00e9cnicos e docentes \u2013 realizar\u00e3o no dia 6 de maio a Caravana da Educa\u00e7\u00e3o, rumo \u00e0 capital federal. A manifesta\u00e7\u00e3o antecede a Marcha a Bras\u00edlia chamada pelo F\u00f3rum das Entidades Nacionais dos Servidores P\u00fablicos Federais, que acontecer\u00e1 no dia 7, tamb\u00e9m em Bras\u00edlia.<\/p>\n<p>A Caravana da Educa\u00e7\u00e3o \u00e9 organizada pelo ANDES-SN, pela Fasubra, pelo Sinasefe, pela Anel e pela Oposi\u00e7\u00e3o de Esquerda da UNE. A atividade culminar\u00e1 em um ato na frente do Minist\u00e9rio da Educa\u00e7\u00e3o (MEC), \u00e0s 14h. A inten\u00e7\u00e3o dos manifestantes \u00e9 que se abram negocia\u00e7\u00f5es efetivas com todos os segmentos. Para tal, ser\u00e1 solicitada uma audi\u00eancia com Jos\u00e9 Henrique Paim Fernandes, ministro da educa\u00e7\u00e3o. A Caravana da Educa\u00e7\u00e3o foi definida em reuni\u00e3o realizada na noite de ter\u00e7a-feira (15), em Bras\u00edlia, com representantes dos t\u00e9cnicos, docentes e estudantes. No pr\u00f3ximo dia 24, as entidades se re\u00fanem novamente para definir os \u00faltimos detalhes do ato.<\/p>\n<p>A Marcha a Bras\u00edlia, atividade do F\u00f3rum das Entidades Nacionais dos Servidores P\u00fablicos Federais, que ser\u00e1 no dia seguinte \u00e0 Caravana da Educa\u00e7\u00e3o, tamb\u00e9m tem programa\u00e7\u00e3o definida. A concentra\u00e7\u00e3o se dar\u00e1 \u00e0s 9h, na frente da Catedral de Bras\u00edlia, e ap\u00f3s percorrer a Esplanada dos Minist\u00e9rios os manifestantes se concentrar\u00e3o em frente ao Bloco K &#8211; pr\u00e9dio que abriga o Minist\u00e9rio de Planejamento, Or\u00e7amento e Gest\u00e3o (MPOG) para cobrar negocia\u00e7\u00e3o em torno da pauta unificada dos Servidores P\u00fablicos Federais (SPF), protocolada no in\u00edcio de fevereiro. Pela tarde haver\u00e1 uma Plen\u00e1ria Nacional dos SPF &#8211; em local a definir. O Setor das Institui\u00e7\u00f5es Federais de Ensino Superior do ANDES-SN incluiu essa atividade em seu calend\u00e1rio de lutas.<\/p>\n<p>Confira <a href=\"http:\/\/portal.andes.org.br\/imprensa\/noticias\/imp-ult-378469671.pdf\">aqui <\/a>a circular do ANDES-SN sobre as duas atividades.<\/p>\n<p><strong>Audi\u00eancia p\u00fablica<\/strong><\/p>\n<p>V\u00e1rias entidades sindicais de SPF apresentaram reivindica\u00e7\u00f5es ao governo federal na tarde de ter\u00e7a-feira (15), durante audi\u00eancia p\u00fablica da Comiss\u00e3o de Trabalho, de Administra\u00e7\u00e3o e Servi\u00e7o P\u00fablico da C\u00e2mara dos Deputados. As entidades defenderam a necessidade de reposi\u00e7\u00e3o anual de perdas salariais, fixa\u00e7\u00e3o de data-base e, sobretudo, o direito \u00e0 negocia\u00e7\u00e3o coletiva.<\/p>\n<p>Depois de v\u00e1rias cobran\u00e7as e promessas n\u00e3o cumpridas, finalmente o governo respondeu a pauta da campanha dos SPF por meio de carta protocolada na CONDSEF (leia aqui), na qual nega ou se esquiva de enfrentar as quest\u00f5es apresentadas nos oito eixos apresentados pelos servidores p\u00fablicos.<\/p>\n<p><em>*Com informa\u00e7\u00f5es de Ag\u00eancia C\u00e2mara<\/em><\/p>\n<p><em>Fonte: ANDES-SN<\/em><\/p>\n","protected":false},"excerpt":{"rendered":"<p>Entidades representantes dos tr\u00eas segmentos da educa\u00e7\u00e3o federal &#8211; estudantes, t\u00e9cnicos e docentes \u2013 realizar\u00e3o no dia 6 de maio a Caravana da Educa\u00e7\u00e3o, rumo \u00e0 capital federal. A manifesta\u00e7\u00e3o antecede a Marcha a Bras\u00edlia chamada pelo F\u00f3rum das Entidades Nacionais dos Servidores P\u00fablicos Federais, que acontecer\u00e1 no dia 7, tamb\u00e9m em Bras\u00edlia. A Caravana&hellip;<\/p>\n","protected":false},"author":3,"featured_media":0,"comment_status":"closed","ping_status":"closed","sticky":false,"template":"","format":"standard","meta":{"footnotes":""},"categories":[15],"tags":[],"class_list":["post-8807","post","type-post","status-publish","format-standard","hentry","category-noticias","category-15","description-off"],"_links":{"self":[{"href":"https:\/\/www.adufpb.org.br\/site\/wp-json\/wp\/v2\/posts\/8807","targetHints":{"allow":["GET"]}}],"collection":[{"href":"https:\/\/www.adufpb.org.br\/site\/wp-json\/wp\/v2\/posts"}],"about":[{"href":"https:\/\/www.adufpb.org.br\/site\/wp-json\/wp\/v2\/types\/post"}],"author":[{"embeddable":true,"href":"https:\/\/www.adufpb.org.br\/site\/wp-json\/wp\/v2\/users\/3"}],"replies":[{"embeddable":true,"href":"https:\/\/www.adufpb.org.br\/site\/wp-json\/wp\/v2\/comments?post=8807"}],"version-history":[{"count":1,"href":"https:\/\/www.adufpb.org.br\/site\/wp-json\/wp\/v2\/posts\/8807\/revisions"}],"predecessor-version":[{"id":8808,"href":"https:\/\/www.adufpb.org.br\/site\/wp-json\/wp\/v2\/posts\/8807\/revisions\/8808"}],"wp:attachment":[{"href":"https:\/\/www.adufpb.org.br\/site\/wp-json\/wp\/v2\/media?parent=8807"}],"wp:term":[{"taxonomy":"category","embeddable":true,"href":"https:\/\/www.adufpb.org.br\/site\/wp-json\/wp\/v2\/categories?post=8807"},{"taxonomy":"post_tag","embeddable":true,"href":"https:\/\/www.adufpb.org.br\/site\/wp-json\/wp\/v2\/tags?post=8807"}],"curies":[{"name":"wp","href":"https:\/\/api.w.org\/{rel}","templated":true}]}}