{"id":879,"date":"2010-01-29T08:02:14","date_gmt":"2010-01-29T12:02:14","guid":{"rendered":"http:\/\/www.adufpb.org.br\/site\/congresso-aprova-a-centralidade-da-luta-para-2010\/"},"modified":"2010-01-29T08:02:14","modified_gmt":"2010-01-29T12:02:14","slug":"congresso-aprova-a-centralidade-da-luta-para-2010","status":"publish","type":"post","link":"https:\/\/www.adufpb.org.br\/site\/congresso-aprova-a-centralidade-da-luta-para-2010\/","title":{"rendered":"Congresso aprova a centralidade da luta para 2010"},"content":{"rendered":"<p>A centralidade da luta para 2010 foi aprovada no 29\u00ba Congresso do ANDES, que definiu como estrat\u00e9gia:<\/p>\n<p><img loading=\"lazy\" decoding=\"async\" class=\"alignleft size-medium wp-image-839\" title=\"29Congresso_full\" src=\"http:\/\/www.adufpb.org.br\/site\/wp-content\/uploads\/2010\/01\/29Congresso_full-300x285.jpg\" alt=\"29Congresso_full\" width=\"300\" height=\"285\" srcset=\"https:\/\/www.adufpb.org.br\/site\/wp-content\/uploads\/2010\/01\/29Congresso_full-300x285.jpg 300w, https:\/\/www.adufpb.org.br\/site\/wp-content\/uploads\/2010\/01\/29Congresso_full.jpg 800w\" sizes=\"auto, (max-width: 300px) 100vw, 300px\" \/>1 \u2013 Lutar pela valoriza\u00e7\u00e3o do trabalho docente nas universidades incluindo pautas locais em suas a\u00e7\u00f5es, contra todas as formas de sua precariza\u00e7\u00e3o, em defesa de uma carreira que valorize o regime de trabalho em dedica\u00e7\u00e3o exclusiva, enquanto pressuposto a viabilizar a indissociabilidade entre ensino, pesquisa e extens\u00e3o, com remunera\u00e7\u00e3o digna que atenda aos princ\u00edpios da paridade e da isonomia, como parte integrante da luta em defesa de uma universidade p\u00fablica, estruturada com base no princ\u00edpio constitucional da autonomia, com financiamento p\u00fablico assegurado e gest\u00e3o democr\u00e1tica, nos termos do projeto de universidade socialmente comprometido, constru\u00eddo coletivamente e defendido pelo ANDES-SN.<\/p>\n<p>2 \u2013 Lutar contra todas as formas de divis\u00e3o do movimento sindical docente, conclamando o conjunto da categoria para assegurar a unidade em torno de seu sindicato, o ANDES-SN, com garantia de autonomia e organiza\u00e7\u00e3o democr\u00e1tica que respeite a pluralidade de pensamentos. Adicionalmente, desencadear uma discuss\u00e3o nacional ampla sobre estrat\u00e9gias e pol\u00edticas para o fortalecimento das se\u00e7\u00f5es sindicais e sua articula\u00e7\u00e3o, reorganizando aquelas que foram desativadas, com intenso trabalho de sindicaliza\u00e7\u00e3o de docentes com vistas \u00e0 plena representa\u00e7\u00e3o de toda a categoria.<\/p>\n<p>3- Intensificar a luta pela manuten\u00e7\u00e3o do registro do ANDES-SN, conforme transitado e julgado nos tribunais superiores, dando continuidade \u00e0 luta em defesa da liberdade e autonomias sindicais, contra toda forma de interven\u00e7\u00e3o externa na organiza\u00e7\u00e3o dos trabalhadores.<\/p>\n<p>4 \u2013 Contribuir para o avan\u00e7o do processo de reorganiza\u00e7\u00e3o da classe trabalhadora, atuando ativa e decisivamente, no \u00e2mbito da Conlutas, no processo de unifica\u00e7\u00e3o e constru\u00e7\u00e3o de uma nova central, classista, sindical e popular, capaz de colocar num patamar superior de enfrentamento as lutas contra as ofensivas que essa classe vem sofrendo por parte do Estado, dos governos e do capital.<\/p>\n<p><em>Fonte: ADUR-RJ<\/em><\/p>\n","protected":false},"excerpt":{"rendered":"<p>A centralidade da luta para 2010 foi aprovada no 29\u00ba Congresso do ANDES, que definiu como estrat\u00e9gia: 1 \u2013 Lutar pela valoriza\u00e7\u00e3o do trabalho docente nas universidades incluindo pautas locais em suas a\u00e7\u00f5es, contra todas as formas de sua precariza\u00e7\u00e3o, em defesa de uma carreira que valorize o regime de trabalho em dedica\u00e7\u00e3o exclusiva, enquanto&hellip;<\/p>\n","protected":false},"author":3,"featured_media":0,"comment_status":"open","ping_status":"open","sticky":false,"template":"","format":"standard","meta":{"footnotes":""},"categories":[15],"tags":[],"class_list":["post-879","post","type-post","status-publish","format-standard","hentry","category-noticias","category-15","description-off"],"_links":{"self":[{"href":"https:\/\/www.adufpb.org.br\/site\/wp-json\/wp\/v2\/posts\/879","targetHints":{"allow":["GET"]}}],"collection":[{"href":"https:\/\/www.adufpb.org.br\/site\/wp-json\/wp\/v2\/posts"}],"about":[{"href":"https:\/\/www.adufpb.org.br\/site\/wp-json\/wp\/v2\/types\/post"}],"author":[{"embeddable":true,"href":"https:\/\/www.adufpb.org.br\/site\/wp-json\/wp\/v2\/users\/3"}],"replies":[{"embeddable":true,"href":"https:\/\/www.adufpb.org.br\/site\/wp-json\/wp\/v2\/comments?post=879"}],"version-history":[{"count":0,"href":"https:\/\/www.adufpb.org.br\/site\/wp-json\/wp\/v2\/posts\/879\/revisions"}],"wp:attachment":[{"href":"https:\/\/www.adufpb.org.br\/site\/wp-json\/wp\/v2\/media?parent=879"}],"wp:term":[{"taxonomy":"category","embeddable":true,"href":"https:\/\/www.adufpb.org.br\/site\/wp-json\/wp\/v2\/categories?post=879"},{"taxonomy":"post_tag","embeddable":true,"href":"https:\/\/www.adufpb.org.br\/site\/wp-json\/wp\/v2\/tags?post=879"}],"curies":[{"name":"wp","href":"https:\/\/api.w.org\/{rel}","templated":true}]}}