{"id":877,"date":"2010-01-27T08:08:04","date_gmt":"2010-01-27T12:08:04","guid":{"rendered":"http:\/\/www.adufpb.org.br\/site\/esta-aberto-o-29%c2%ba-congresso-do-andes-sn\/"},"modified":"2010-01-27T08:08:04","modified_gmt":"2010-01-27T12:08:04","slug":"esta-aberto-o-29%c2%ba-congresso-do-andes-sn","status":"publish","type":"post","link":"https:\/\/www.adufpb.org.br\/site\/esta-aberto-o-29%c2%ba-congresso-do-andes-sn\/","title":{"rendered":"Est\u00e1 aberto o 29\u00ba Congresso do ANDES-SN"},"content":{"rendered":"<p><em>Por Kelvin Melo &#8211; ADUFRJ<\/em><\/p>\n<p>No dia 26, foi aberto o 29\u00ba Congresso do ANDES-SN, em Bel\u00e9m (PA), sob a organiza\u00e7\u00e3o da Adufpa-SSind. O evento tem como tema a &#8220;Contrarreforma Universit\u00e1ria, ataques \u00e0 carreira e ao trabalho, desafios do ANDES-SN na luta em defesa da Universidade P\u00fablica&#8221;.<\/p>\n<p>O presidente do ANDES-SN, Ciro Correia, observou que &#8220;n\u00e3o ser\u00e1 pequeno o desafio&#8221; da entidade no enfrentamento das lutas da conjuntura. Mas, ao mesmo tempo, ressaltou que ser\u00e1 um per\u00edodo rico em debates pelo pr\u00f3prio processo eleitoral que o Sindicato vai vivenciar nos pr\u00f3ximos meses de 2010: &#8220;Para al\u00e9m da grande responsabilidade de fazer parte da dire\u00e7\u00e3o do Sindicato Nacional, n\u00f3s precisamos, nesse momento, ter compreens\u00e3o desse desafio, uma vez que todas as pol\u00edticas para o ensino t\u00eam se transformado em pol\u00edticas de desconstruir todo o projeto de universidade que esse Sindicato e outros setores da sociedade conseguiram, com duras lutas, manter&#8221;.<\/p>\n<p>Representante da administra\u00e7\u00e3o central da Universidade Federal do Par\u00e1 (UFPA), o pr\u00f3-reitor de Pesquisa e P\u00f3s-Gradua\u00e7\u00e3o, professor Emmanuel Zagury Tourinho, saudou todos os presentes e desejou &#8220;debates prof\u00edcuos, em particular, sobre a universidade p\u00fablica brasileira, que ainda imp\u00f5e muitos desafios para se tornar a universidade dos nossos sonhos, o que depende fortemente da luta de seus movimentos, de docentes, t\u00e9cnico-administrativos e dos estudantes&#8221;.<\/p>\n<p>Pelo Diret\u00f3rio Central dos Estudantes (DCE) da UFPA, Anderson Roberto Melo de Castro observou que Bel\u00e9m sedia um congresso do Andes-SN em uma conjuntura muito especial, em fun\u00e7\u00e3o dos efeitos da crise econ\u00f4mica mundial. Nesse contexto, lembrou a import\u00e2ncia do Sindicato Nacional em defesa do ensino p\u00fablico e dos direitos sociais: &#8220;Ao contr\u00e1rio da CUT e da UNE, o ANDES-SN se manteve forte nas lutas. Somos tachados de baderneiros, de subversivos. Mas se ser subversivo \u00e9 lutar pela educa\u00e7\u00e3o verdadeiramente p\u00fablica, democr\u00e1tica e popular, ent\u00e3o subvertamos a ordem. Viva o Andes! Viva o DCE da UFPA!&#8221;, exclamou.<\/p>\n<p>Como \u00e9 tradi\u00e7\u00e3o nos eventos do ANDES-SN, foi aberta a participa\u00e7\u00e3o de outros movimentos sociais nos discursos da mesa de abertura. Em nome do Movimento Xingu Vivo Para Sempre, Dion Monteiro destacou a luta das comunidades da regi\u00e3o contra a constru\u00e7\u00e3o de uma usina hidrel\u00e9trica em Belo Monte, localizada no rio Xingu, a 740 quil\u00f4metros da capital paraense.<\/p>\n<p>Evaldo Silveira, pelo Sindicato Nacional dos Servidores Federais da Educa\u00e7\u00e3o B\u00e1sica, Profissional e Tecnol\u00f3gica (Sinasefe) tomou como refer\u00eancia o tema central do Congresso e citou a constru\u00e7\u00e3o conjunta de uma carreira \u00fanica como um importante caminho de luta das duas categorias.<\/p>\n<p>Jos\u00e9 Maria de Almeida, um dos coordenadores da Conlutas, chamou a aten\u00e7\u00e3o em sua interven\u00e7\u00e3o para a crise no Haiti e a reorganiza\u00e7\u00e3o da classe trabalhadora no pa\u00eds.<\/p>\n<p>A diretora-geral da Se\u00e7\u00e3o Sindical dos Docentes da UFPA (Adufpa-SSind), Sandra Moreira, frisou a import\u00e2ncias das lutas que est\u00e3o por vir: &#8220;\u00c9 com esse esp\u00edrito que conclamo a nossa classe para se unir contra o mal comum, desejando que este 29\u00ba Congresso do Andes-SN seja um marco decis\u00f3rio na vida de todos n\u00f3s. Sauda\u00e7\u00f5es cabanas&#8221;, encerrou, em refer\u00eancia ao movimento revolucion\u00e1rio da cabanagem, em Bel\u00e9m, no s\u00e9culo XIX.<\/p>\n<p>Maria Socorro Aguiar, 1\u00aa vice-presidente da Regional Norte II do ANDES-SN, analisou a conjuntura cada vez mais desfavor\u00e1vel: &#8220;Vai nos trazer grandes desafios e temos que formar um plano de lutas \u00e0 altura. Alguns itens s\u00e3o de fundamental import\u00e2ncia, como a defesa do nosso Sindicato, o leg\u00edtimo representante da nossa categoria; a luta pela nossa carreira e a quest\u00e3o da reorganiza\u00e7\u00e3o da classe trabalhadora. Os trabalhadores podem formar suas frentes de a\u00e7\u00f5es, mas a constru\u00e7\u00e3o de uma ferramenta \u00fanica ser\u00e1 um ponto fundamental contra um dos governos burgueses mais perversos da nossa hist\u00f3ria, o governo de Lula da Silva&#8221;, afirmou.<\/p>\n<p><strong>Convidado haitiano emociona congressitas <\/strong><\/p>\n<p>Outro convidado do Sindicato Nacional, o militante haitiano Franck S\u00e9guy, emocionou os congressistas com a hist\u00f3ria de resist\u00eancia do povo daquele pa\u00eds. S\u00e9guy, que completou seu mestrado em Sociologia na Universidade Federal de Pernambuco, no fim do ano passado, foi surpreendido com a not\u00edcia do primeiro terremoto, em 12\/1, poucos dias antes de embarcar de volta para o seu pa\u00eds.<\/p>\n<p>De acordo com o militante haitiano, o per\u00edodo que se seguiu aos terremotos, com a chegada de milhares de soldados norte-americanos, significa a quarta vez, na hist\u00f3ria, que os EUA ocupam o Haiti: &#8220;Nem o governo brasileiro, nem o americano mandam m\u00e9dicos, enfermeiros; mandam apenas militares. Como se fosse uma situa\u00e7\u00e3o de guerra. Isso deixa claro que a inten\u00e7\u00e3o n\u00e3o \u00e9 com o povo haitiano, mas explorar a m\u00e3o de obra, que \u00e9 a mais barata da Am\u00e9rica Latina&#8221;, denunciou. Ressaltou, ainda, que um professor, considerado como figura emblem\u00e1tica de oposi\u00e7\u00e3o ao governo, foi assassinado duas horas antes do primeiro terremoto. E que outros opositores est\u00e3o sendo procurados pelo ex\u00e9rcito local, que poderia mat\u00e1-los e simplesmente incluir seus nomes na contagem de mortos pelo terremoto. Franck S\u00e9guy, que duvida do envio de ajuda financeira nos montantes anunciados pela m\u00eddia, pediu apoio n\u00e3o apenas para as v\u00edtimas do pa\u00eds, mas para a resist\u00eancia da classe trabalhadora: &#8220;\u00c9 nessa situa\u00e7\u00e3o que os governos americano e haitiano est\u00e3o aproveitando para fazer mais repress\u00e3o. Por isso, pedimos a retirada das tropas do Haiti&#8221;, afirmou, antes de ser aplaudido de p\u00e9 pelos congressistas.<\/p>\n<p>Em homenagem aos milhares de mortos no pa\u00eds, ainda foi realizado um minuto de sil\u00eancio, durante a plen\u00e1ria de abertura do 29\u00ba Congresso.<\/p>\n<p><em>Fonte: ADUFRJ &#8211; Se\u00e7\u00e3o Sindical<\/em><\/p>\n","protected":false},"excerpt":{"rendered":"<p>Por Kelvin Melo &#8211; ADUFRJ No dia 26, foi aberto o 29\u00ba Congresso do ANDES-SN, em Bel\u00e9m (PA), sob a organiza\u00e7\u00e3o da Adufpa-SSind. O evento tem como tema a &#8220;Contrarreforma Universit\u00e1ria, ataques \u00e0 carreira e ao trabalho, desafios do ANDES-SN na luta em defesa da Universidade P\u00fablica&#8221;. O presidente do ANDES-SN, Ciro Correia, observou que&hellip;<\/p>\n","protected":false},"author":1,"featured_media":0,"comment_status":"open","ping_status":"open","sticky":false,"template":"","format":"standard","meta":{"footnotes":""},"categories":[15],"tags":[],"class_list":["post-877","post","type-post","status-publish","format-standard","hentry","category-noticias","category-15","description-off"],"_links":{"self":[{"href":"https:\/\/www.adufpb.org.br\/site\/wp-json\/wp\/v2\/posts\/877","targetHints":{"allow":["GET"]}}],"collection":[{"href":"https:\/\/www.adufpb.org.br\/site\/wp-json\/wp\/v2\/posts"}],"about":[{"href":"https:\/\/www.adufpb.org.br\/site\/wp-json\/wp\/v2\/types\/post"}],"author":[{"embeddable":true,"href":"https:\/\/www.adufpb.org.br\/site\/wp-json\/wp\/v2\/users\/1"}],"replies":[{"embeddable":true,"href":"https:\/\/www.adufpb.org.br\/site\/wp-json\/wp\/v2\/comments?post=877"}],"version-history":[{"count":0,"href":"https:\/\/www.adufpb.org.br\/site\/wp-json\/wp\/v2\/posts\/877\/revisions"}],"wp:attachment":[{"href":"https:\/\/www.adufpb.org.br\/site\/wp-json\/wp\/v2\/media?parent=877"}],"wp:term":[{"taxonomy":"category","embeddable":true,"href":"https:\/\/www.adufpb.org.br\/site\/wp-json\/wp\/v2\/categories?post=877"},{"taxonomy":"post_tag","embeddable":true,"href":"https:\/\/www.adufpb.org.br\/site\/wp-json\/wp\/v2\/tags?post=877"}],"curies":[{"name":"wp","href":"https:\/\/api.w.org\/{rel}","templated":true}]}}