{"id":8700,"date":"2014-04-11T15:16:54","date_gmt":"2014-04-11T19:16:54","guid":{"rendered":"http:\/\/www.adufpb.org.br\/site\/?p=8700"},"modified":"2014-04-11T15:16:54","modified_gmt":"2014-04-11T19:16:54","slug":"entidades-avancam-na-preparacao-do-encontro-nacional-de-educacao","status":"publish","type":"post","link":"https:\/\/www.adufpb.org.br\/site\/entidades-avancam-na-preparacao-do-encontro-nacional-de-educacao\/","title":{"rendered":"Entidades avan\u00e7am na prepara\u00e7\u00e3o do Encontro Nacional de Educa\u00e7\u00e3o"},"content":{"rendered":"<p>Diversas entidades se reuniriam na \u00faltima segunda-feira (7) em S\u00e3o Paulo para discutir os preparativos para o Encontro Nacional de Educa\u00e7\u00e3o, previsto para o segundo semestre de 2014. O Encontro tem car\u00e1ter de independ\u00eancia das esferas oficiais e neste asp\u00e9cto faz um contraponto \u00e0 Confer\u00eancia Nacional de Educa\u00e7\u00e3o (Conae), inicialmente prevista para o in\u00edcio deste ano, mas adiada pelo governo.<\/p>\n<p>Segundo Jo\u00e3o Negr\u00e3o, diretor do ANDES-SN, as entidades apontaram que em suas bases foi deliberado o apoio e engajamento na constru\u00e7\u00e3o do Encontro. Foi definido que o evento ser\u00e1 realizado no Rio de Janeiro, entre os dias 8 e 10 de agosto. Tamb\u00e9m j\u00e1 foram aprovados os materiais de divulga\u00e7\u00e3o, que em breve ser\u00e3o amplamente publicizados. A coordena\u00e7\u00e3o do Grupo de Trabalho de Pol\u00edticas Educacionais do ANDES-SN ir\u00e1 integrar a comiss\u00e3o organizadora.<\/p>\n<p>Idealizado pelo Comit\u00ea Nacional da Campanha \u201c10% do PIB para a Educa\u00e7\u00e3o P\u00fablica, J\u00e1!\u201d, a organiza\u00e7\u00e3o do encontro re\u00fane entidades da educa\u00e7\u00e3o e movimento sociais. Da reuni\u00e3o na capital paulista participaram representa\u00e7\u00f5es de nove das entidades que comp\u00f5e o Comit\u00ea: CSP-Conlutas, ANDES-SN, Sinasefe, Sepe\/RJ, Cpers, Anel, Oposi\u00e7\u00e3o de Esquerda UNE, Fenet e a Exneef.<\/p>\n<p>Antecedendo o Encontro Nacional, as entidades dos movimentos sindical e social ir\u00e3o organizar eventos regionais para ampliar o debate em torno dos sete eixos principais j\u00e1 definidos: privatiza\u00e7\u00e3o e mercantiliza\u00e7\u00e3o da Educa\u00e7\u00e3o: das creches \u00e0 p\u00f3s-gradua\u00e7\u00e3o; financiamento da educa\u00e7\u00e3o p\u00fablica; precariza\u00e7\u00e3o das atividades dos trabalhadores da educa\u00e7\u00e3o; acesso e perman\u00eancia; passe livre e transporte p\u00fablico.<\/p>\n<p>\u201cN\u00f3s avan\u00e7amos muito nesta reuni\u00e3o e o Encontro Nacional de Educa\u00e7\u00e3o j\u00e1 come\u00e7a a ganhar corpo. Precisamos do empenho de todas as entidades e das Se\u00e7\u00f5es Sindicais do ANDES-SN para que esse evento seja um marco e fa\u00e7a um contraponto \u00e0 Conae e ao projeto de educa\u00e7\u00e3o contido no PNE que est\u00e1 em tramita\u00e7\u00e3o na C\u00e2mara dos Deputados\u201d, avaliou Jo\u00e3o Negr\u00e3o.<\/p>\n<p><em>Fonte: ANDES-SN<\/em><\/p>\n","protected":false},"excerpt":{"rendered":"<p>Diversas entidades se reuniriam na \u00faltima segunda-feira (7) em S\u00e3o Paulo para discutir os preparativos para o Encontro Nacional de Educa\u00e7\u00e3o, previsto para o segundo semestre de 2014. O Encontro tem car\u00e1ter de independ\u00eancia das esferas oficiais e neste asp\u00e9cto faz um contraponto \u00e0 Confer\u00eancia Nacional de Educa\u00e7\u00e3o (Conae), inicialmente prevista para o in\u00edcio deste&hellip;<\/p>\n","protected":false},"author":3,"featured_media":0,"comment_status":"closed","ping_status":"closed","sticky":false,"template":"","format":"standard","meta":{"footnotes":""},"categories":[15],"tags":[443],"class_list":["post-8700","post","type-post","status-publish","format-standard","hentry","category-noticias","tag-encontro-nacional-de-educacao","category-15","description-off"],"_links":{"self":[{"href":"https:\/\/www.adufpb.org.br\/site\/wp-json\/wp\/v2\/posts\/8700","targetHints":{"allow":["GET"]}}],"collection":[{"href":"https:\/\/www.adufpb.org.br\/site\/wp-json\/wp\/v2\/posts"}],"about":[{"href":"https:\/\/www.adufpb.org.br\/site\/wp-json\/wp\/v2\/types\/post"}],"author":[{"embeddable":true,"href":"https:\/\/www.adufpb.org.br\/site\/wp-json\/wp\/v2\/users\/3"}],"replies":[{"embeddable":true,"href":"https:\/\/www.adufpb.org.br\/site\/wp-json\/wp\/v2\/comments?post=8700"}],"version-history":[{"count":1,"href":"https:\/\/www.adufpb.org.br\/site\/wp-json\/wp\/v2\/posts\/8700\/revisions"}],"predecessor-version":[{"id":8701,"href":"https:\/\/www.adufpb.org.br\/site\/wp-json\/wp\/v2\/posts\/8700\/revisions\/8701"}],"wp:attachment":[{"href":"https:\/\/www.adufpb.org.br\/site\/wp-json\/wp\/v2\/media?parent=8700"}],"wp:term":[{"taxonomy":"category","embeddable":true,"href":"https:\/\/www.adufpb.org.br\/site\/wp-json\/wp\/v2\/categories?post=8700"},{"taxonomy":"post_tag","embeddable":true,"href":"https:\/\/www.adufpb.org.br\/site\/wp-json\/wp\/v2\/tags?post=8700"}],"curies":[{"name":"wp","href":"https:\/\/api.w.org\/{rel}","templated":true}]}}