{"id":869,"date":"2010-01-18T10:23:20","date_gmt":"2010-01-18T14:23:20","guid":{"rendered":"http:\/\/www.adufpb.org.br\/site\/capes-aprova-projeto-de-cooperacao-em-ciencia-da-informacao\/"},"modified":"2010-01-18T10:23:20","modified_gmt":"2010-01-18T14:23:20","slug":"capes-aprova-projeto-de-cooperacao-em-ciencia-da-informacao","status":"publish","type":"post","link":"https:\/\/www.adufpb.org.br\/site\/capes-aprova-projeto-de-cooperacao-em-ciencia-da-informacao\/","title":{"rendered":"Capes aprova Projeto de Coopera\u00e7\u00e3o em Ci\u00eancia da Informa\u00e7\u00e3o"},"content":{"rendered":"<p>A recente aprova\u00e7\u00e3o pela Capes do projeto &#8220;Rede de Coopera\u00e7\u00e3o e Aprendizagem na Ci\u00eancia da Informa\u00e7\u00e3o&#8221; a ser desenvolvido pela Universidade Federal da Para\u00edba (UFPB) e pela Universidade Estadual Paulista (UNESP), campus de Mar\u00edlia, representa uma oportunidade hist\u00f3rica de realizar uma atividade conjunta de pesquisa, de aprendizagem e de forma\u00e7\u00e3o na \u00e1rea de Ci\u00eancia da Informa\u00e7\u00e3o.<\/p>\n<p>No projeto, os docentes e pesquisadores ligados a seus grupos de pesquisa se prop\u00f5em, por meio do desenvolvimento de um trabalho integrado, promover a consolida\u00e7\u00e3o do Programa de P\u00f3s-Gradua\u00e7\u00e3o em Ci\u00eancia da Informa\u00e7\u00e3o (PPGCI) da UFPB. Essa rede de coopera\u00e7\u00e3o e aprendizagem, em parceria com o PPGCI da UNESP\/Mar\u00edlia, se concretizar\u00e1 atrav\u00e9s de a\u00e7\u00f5es de P\u00f3s-Doutoramento, Miss\u00f5es de Estudos e Miss\u00f5es de Doc\u00eancia e Pesquisa. Todos esses esfor\u00e7os resultar\u00e3o no est\u00edmulo \u00e0 produ\u00e7\u00e3o cient\u00edfico-acad\u00eamica em conjunto com os PPGCIs das duas universidades.<\/p>\n<p>\u201cA realiza\u00e7\u00e3o de um projeto dessa natureza concretizar\u00e1 uma das m\u00e1ximas das institui\u00e7\u00f5es p\u00fablicas, que \u00e9 a coopera\u00e7\u00e3o e a constitui\u00e7\u00e3o de parcerias inter-regionais no Brasil, garantindo uma melhor qualifica\u00e7\u00e3o de docentes e discentes de regi\u00f5es mais necessitadas, como \u00e9 o caso do Nordeste\u201d, afirmou o professor J\u00falio S\u00e1 de Pinho Neto, membro do Programa Nacional de Coopera\u00e7\u00e3o Acad\u00eamica (PROCAD).<\/p>\n<p>Outras informa\u00e7\u00f5es pelos telefones (83) 3216 7093 e 3216 7935.<\/p>\n<p><em>Ag\u00eancia UFPB<\/em><\/p>\n","protected":false},"excerpt":{"rendered":"<p>A recente aprova\u00e7\u00e3o pela Capes do projeto &#8220;Rede de Coopera\u00e7\u00e3o e Aprendizagem na Ci\u00eancia da Informa\u00e7\u00e3o&#8221; a ser desenvolvido pela Universidade Federal da Para\u00edba (UFPB) e pela Universidade Estadual Paulista (UNESP), campus de Mar\u00edlia, representa uma oportunidade hist\u00f3rica de realizar uma atividade conjunta de pesquisa, de aprendizagem e de forma\u00e7\u00e3o na \u00e1rea de Ci\u00eancia da&hellip;<\/p>\n","protected":false},"author":3,"featured_media":0,"comment_status":"open","ping_status":"open","sticky":false,"template":"","format":"standard","meta":{"footnotes":""},"categories":[15],"tags":[],"class_list":["post-869","post","type-post","status-publish","format-standard","hentry","category-noticias","category-15","description-off"],"_links":{"self":[{"href":"https:\/\/www.adufpb.org.br\/site\/wp-json\/wp\/v2\/posts\/869","targetHints":{"allow":["GET"]}}],"collection":[{"href":"https:\/\/www.adufpb.org.br\/site\/wp-json\/wp\/v2\/posts"}],"about":[{"href":"https:\/\/www.adufpb.org.br\/site\/wp-json\/wp\/v2\/types\/post"}],"author":[{"embeddable":true,"href":"https:\/\/www.adufpb.org.br\/site\/wp-json\/wp\/v2\/users\/3"}],"replies":[{"embeddable":true,"href":"https:\/\/www.adufpb.org.br\/site\/wp-json\/wp\/v2\/comments?post=869"}],"version-history":[{"count":0,"href":"https:\/\/www.adufpb.org.br\/site\/wp-json\/wp\/v2\/posts\/869\/revisions"}],"wp:attachment":[{"href":"https:\/\/www.adufpb.org.br\/site\/wp-json\/wp\/v2\/media?parent=869"}],"wp:term":[{"taxonomy":"category","embeddable":true,"href":"https:\/\/www.adufpb.org.br\/site\/wp-json\/wp\/v2\/categories?post=869"},{"taxonomy":"post_tag","embeddable":true,"href":"https:\/\/www.adufpb.org.br\/site\/wp-json\/wp\/v2\/tags?post=869"}],"curies":[{"name":"wp","href":"https:\/\/api.w.org\/{rel}","templated":true}]}}