{"id":8682,"date":"2014-04-09T09:40:09","date_gmt":"2014-04-09T13:40:09","guid":{"rendered":"http:\/\/www.adufpb.org.br\/site\/?p=8682"},"modified":"2014-04-09T10:45:53","modified_gmt":"2014-04-09T14:45:53","slug":"nota-de-pesar-34","status":"publish","type":"post","link":"https:\/\/www.adufpb.org.br\/site\/nota-de-pesar-34\/","title":{"rendered":"Nota de pesar"},"content":{"rendered":"<p style=\"text-align: center;\"><a href=\"http:\/\/www.adufpb.org.br\/site\/wp-content\/uploads\/2014\/04\/Professora-Jemima-Oliveira.jpg\"><img loading=\"lazy\" decoding=\"async\" class=\"aligncenter size-medium wp-image-8683\" alt=\"Professora Jemima Oliveira\" src=\"http:\/\/www.adufpb.org.br\/site\/wp-content\/uploads\/2014\/04\/Professora-Jemima-Oliveira-300x284.jpg\" width=\"300\" height=\"284\" srcset=\"https:\/\/www.adufpb.org.br\/site\/wp-content\/uploads\/2014\/04\/Professora-Jemima-Oliveira-300x284.jpg 300w, https:\/\/www.adufpb.org.br\/site\/wp-content\/uploads\/2014\/04\/Professora-Jemima-Oliveira.jpg 509w\" sizes=\"auto, (max-width: 300px) 100vw, 300px\" \/><\/a><\/p>\n<p><span style=\"font-size: medium;\">A ADUFPB vem a p\u00fablico manifestar o seu profundo pesar pelo falecimento, na manh\u00e3 desta quarta-feira, dia 9 de abril de 2014, da professora JEMIMA MARQUES DE OLIVEIRA, do curso de Biblioteconomia da Universidade Federal da Para\u00edba e sindicalizado da ADUFPB. O vel\u00f3rio ser\u00e1 a partir das 12h, na Funer\u00e1ria Rosa de Saron, bairro de Jaguaribe, em Jo\u00e3o Pessoa, e o enterro acontecer\u00e1 amanh\u00e3, no cemit\u00e9rio Parque das Ac\u00e1cias.<\/span><\/p>\n<p><span style=\"font-size: medium;\">Aos membros da fam\u00edlia e amigos, nossos p\u00easames.<\/span><\/p>\n<p style=\"text-align: center;\"><span style=\"font-size: medium;\">Jo\u00e3o Pessoa, 9 de abril de 2014.<\/span><\/p>\n<p style=\"text-align: center;\"><span style=\"font-size: medium;\">Diretoria Executiva da ADUFPB<\/span><\/p>\n","protected":false},"excerpt":{"rendered":"<p>A ADUFPB vem a p\u00fablico manifestar o seu profundo pesar pelo falecimento, na manh\u00e3 desta quarta-feira, dia 9 de abril de 2014, da professora JEMIMA MARQUES DE OLIVEIRA, do curso de Biblioteconomia da Universidade Federal da Para\u00edba e sindicalizado da ADUFPB. O vel\u00f3rio ser\u00e1 a partir das 12h, na Funer\u00e1ria Rosa de Saron, bairro de&hellip;<\/p>\n","protected":false},"author":3,"featured_media":0,"comment_status":"closed","ping_status":"closed","sticky":false,"template":"","format":"standard","meta":{"footnotes":""},"categories":[15],"tags":[],"class_list":["post-8682","post","type-post","status-publish","format-standard","hentry","category-noticias","category-15","description-off"],"_links":{"self":[{"href":"https:\/\/www.adufpb.org.br\/site\/wp-json\/wp\/v2\/posts\/8682","targetHints":{"allow":["GET"]}}],"collection":[{"href":"https:\/\/www.adufpb.org.br\/site\/wp-json\/wp\/v2\/posts"}],"about":[{"href":"https:\/\/www.adufpb.org.br\/site\/wp-json\/wp\/v2\/types\/post"}],"author":[{"embeddable":true,"href":"https:\/\/www.adufpb.org.br\/site\/wp-json\/wp\/v2\/users\/3"}],"replies":[{"embeddable":true,"href":"https:\/\/www.adufpb.org.br\/site\/wp-json\/wp\/v2\/comments?post=8682"}],"version-history":[{"count":5,"href":"https:\/\/www.adufpb.org.br\/site\/wp-json\/wp\/v2\/posts\/8682\/revisions"}],"predecessor-version":[{"id":8685,"href":"https:\/\/www.adufpb.org.br\/site\/wp-json\/wp\/v2\/posts\/8682\/revisions\/8685"}],"wp:attachment":[{"href":"https:\/\/www.adufpb.org.br\/site\/wp-json\/wp\/v2\/media?parent=8682"}],"wp:term":[{"taxonomy":"category","embeddable":true,"href":"https:\/\/www.adufpb.org.br\/site\/wp-json\/wp\/v2\/categories?post=8682"},{"taxonomy":"post_tag","embeddable":true,"href":"https:\/\/www.adufpb.org.br\/site\/wp-json\/wp\/v2\/tags?post=8682"}],"curies":[{"name":"wp","href":"https:\/\/api.w.org\/{rel}","templated":true}]}}