{"id":8674,"date":"2014-04-08T14:21:09","date_gmt":"2014-04-08T18:21:09","guid":{"rendered":"http:\/\/www.adufpb.org.br\/site\/?p=8674"},"modified":"2014-04-11T15:38:23","modified_gmt":"2014-04-11T19:38:23","slug":"consepe-deve-discutir-criterios-para-ascensao-a-titular","status":"publish","type":"post","link":"https:\/\/www.adufpb.org.br\/site\/consepe-deve-discutir-criterios-para-ascensao-a-titular\/","title":{"rendered":"Consepe deve discutir crit\u00e9rios para ascens\u00e3o a titular"},"content":{"rendered":"<p><span style=\"font-size: 14px;\">O Conselho Superior de Ensino, Pesquisa e Extens\u00e3o (Consepe) da UFPB pode analisar na pr\u00f3xima quarta-feira (9\/4) a minuta da resolu\u00e7\u00e3o que estabelece regras de acesso \u00e0 classe de Professor Titular na carreira do Magist\u00e9rio Superior. A inclus\u00e3o do texto na reuni\u00e3o (que est\u00e1 marcada para as 9h, na reitoria), entretanto, depende ainda de parecer da Procuradoria Jur\u00eddica da Universidade, que est\u00e1 avaliando o teor do documento. O relator da resolu\u00e7\u00e3o \u00e9 o professor Dinarte Varela (CCTA), com o qual a diretoria da ADUFPB discutiu na semana passada a minuta de resolu\u00e7\u00e3o.<\/span><\/p>\n<p>Segundo o presidente da ADUFPB, Jaldes Reis de Meneses, as condi\u00e7\u00f5es de acesso \u00e0 classe de Titular fazem parte da regulamenta\u00e7\u00e3o da carreira docente, tornada lei no ano passado. Ele explica que a Diretoria Executiva do sindicato j\u00e1 examinou a minuta de resolu\u00e7\u00e3o e concorda com a proposta central, de que o acesso seja feito atrav\u00e9s de memorial (um levantamento da vida acad\u00eamica do professor) ou de defesa de tese acad\u00eamica in\u00e9dita.<\/p>\n<p>\u201cA ADUFPB considera que esses dois crit\u00e9rios de avalia\u00e7\u00e3o de desempenho s\u00e3o razo\u00e1veis, justos e academicamente corretos, principalmente quando d\u00e1 ao professor a op\u00e7\u00e3o de escolha entre a tese e o memorial. Com algumas corre\u00e7\u00f5es que se fazem necess\u00e1rias, a tabela de pontua\u00e7\u00e3o tamb\u00e9m me pareceu fact\u00edvel\u201d, afirma Jaldes Meneses. Segundo ele, na opini\u00e3o do Sindicato, a UFPB precisa regulamentar as regras de acesso rapidamente, porque existe um n\u00famero grande de Professores Associados 4 \u201crepresados\u201d, impossibilitados de ascenderam ao topo carreira.<\/p>\n<p>A regulamenta\u00e7\u00e3o de crit\u00e9rios de acesso \u00e0 classe de Titular \u00e9 uma das reivindica\u00e7\u00f5es da pauta espec\u00edfica da ADUFPB, entregue \u00e0 Reitoria nas mobiliza\u00e7\u00f5es do dia 19\/03.<\/p>\n<p>Clique aqui para ler a <a href=\"http:\/\/www.adufpb.org.br\/site\/wp-content\/uploads\/2014\/04\/RESOLUCAO_TITULAR_UFPB_03-04-2014-2.docx\">minuta de resolu\u00e7\u00e3o <\/a>e a <a href=\"http:\/\/www.adufpb.org.br\/site\/wp-content\/uploads\/2014\/04\/Tabela_pontuacao-Resolucao-Titular-1.xls\">tabela de pontua\u00e7\u00e3o<\/a> proposta.<\/p>\n<p><em>Fonte: Ascom ADUFPB<\/em><\/p>\n","protected":false},"excerpt":{"rendered":"<p>O Conselho Superior de Ensino, Pesquisa e Extens\u00e3o (Consepe) da UFPB pode analisar na pr\u00f3xima quarta-feira (9\/4) a minuta da resolu\u00e7\u00e3o que estabelece regras de acesso \u00e0 classe de Professor Titular na carreira do Magist\u00e9rio Superior. A inclus\u00e3o do texto na reuni\u00e3o (que est\u00e1 marcada para as 9h, na reitoria), entretanto, depende ainda de parecer&hellip;<\/p>\n","protected":false},"author":3,"featured_media":0,"comment_status":"closed","ping_status":"closed","sticky":false,"template":"","format":"standard","meta":{"footnotes":""},"categories":[15,417],"tags":[300,442],"class_list":["post-8674","post","type-post","status-publish","format-standard","hentry","category-noticias","category-noticias-destaque","tag-consepe","tag-titular","category-15","category-417","description-off"],"_links":{"self":[{"href":"https:\/\/www.adufpb.org.br\/site\/wp-json\/wp\/v2\/posts\/8674","targetHints":{"allow":["GET"]}}],"collection":[{"href":"https:\/\/www.adufpb.org.br\/site\/wp-json\/wp\/v2\/posts"}],"about":[{"href":"https:\/\/www.adufpb.org.br\/site\/wp-json\/wp\/v2\/types\/post"}],"author":[{"embeddable":true,"href":"https:\/\/www.adufpb.org.br\/site\/wp-json\/wp\/v2\/users\/3"}],"replies":[{"embeddable":true,"href":"https:\/\/www.adufpb.org.br\/site\/wp-json\/wp\/v2\/comments?post=8674"}],"version-history":[{"count":4,"href":"https:\/\/www.adufpb.org.br\/site\/wp-json\/wp\/v2\/posts\/8674\/revisions"}],"predecessor-version":[{"id":8681,"href":"https:\/\/www.adufpb.org.br\/site\/wp-json\/wp\/v2\/posts\/8674\/revisions\/8681"}],"wp:attachment":[{"href":"https:\/\/www.adufpb.org.br\/site\/wp-json\/wp\/v2\/media?parent=8674"}],"wp:term":[{"taxonomy":"category","embeddable":true,"href":"https:\/\/www.adufpb.org.br\/site\/wp-json\/wp\/v2\/categories?post=8674"},{"taxonomy":"post_tag","embeddable":true,"href":"https:\/\/www.adufpb.org.br\/site\/wp-json\/wp\/v2\/tags?post=8674"}],"curies":[{"name":"wp","href":"https:\/\/api.w.org\/{rel}","templated":true}]}}