{"id":849,"date":"2010-01-08T11:20:52","date_gmt":"2010-01-08T15:20:52","guid":{"rendered":"http:\/\/www.adufpb.org.br\/site\/gratificacao-por-insalubridade-volta-a-ser-paga\/"},"modified":"2010-01-11T08:14:30","modified_gmt":"2010-01-11T12:14:30","slug":"gratificacao-por-insalubridade-volta-a-ser-paga","status":"publish","type":"post","link":"https:\/\/www.adufpb.org.br\/site\/gratificacao-por-insalubridade-volta-a-ser-paga\/","title":{"rendered":"Gratifica\u00e7\u00e3o por insalubridade volta a ser paga"},"content":{"rendered":"<p>Volta a ser pago no contracheque de janeiro (recebido no in\u00edcio de fevereiro) o benef\u00edcio da gratifica\u00e7\u00e3o por insalubridade, que havia sido suspenso em dezembro. De acordo com o presidente da ADUFPB, Jaldes Reis de Meneses,o Sindicato est\u00e1 pleiteando o ressarcimento imediato dos valores retidos no m\u00eas passado.<\/p>\n<p>Segundo informa\u00e7\u00e3o do superintendente de Recursos Humanos substituto da UFPB, Alecsandro Kramer, o que houve n\u00e3o foi um corte, mas um atraso devido a mudan\u00e7as no sistema de pagamento determinadas pelo Governo, na Orienta\u00e7\u00e3o Normativa n\u00ba 6, do Minist\u00e9rio do Planejamento.<\/p>\n<p>O documento determina mais rigidez e controle no pagamento da insalubridade, a fim de evitar casos de pessoas de pessoas que estejam recebendo indevidamente a gratifica\u00e7\u00e3o. Deixa de ter direito ao benef\u00edcio, por exemplo, profissionais que deixaram ambientes insalubres, como o caso de quem \u00e9 transferido do Hospital Universit\u00e1rio para trabalhar no Centro de Sa\u00fade. A gratifica\u00e7\u00e3o \u00e9 devida pelo ambiente de trabalho e n\u00e3o \u00e0 pessoa individualmente, explica o Minist\u00e9rio.<\/p>\n<p><a href=\"http:\/\/www.adufpb.org.br\/site\/wp-content\/uploads\/2010\/01\/INSTRUCAO-NORMATIVA-6_INSALUBRIDADE.pdf\">Leia aqui a Orienta\u00e7\u00e3o Normativa n\u00ba 6, que trata da quest\u00e3o da insalubridade<\/a><\/p>\n<p><em>Ascom ADUFPB<\/em><\/p>\n","protected":false},"excerpt":{"rendered":"<p>Volta a ser pago no contracheque de janeiro (recebido no in\u00edcio de fevereiro) o benef\u00edcio da gratifica\u00e7\u00e3o por insalubridade, que havia sido suspenso em dezembro. De acordo com o presidente da ADUFPB, Jaldes Reis de Meneses,o Sindicato est\u00e1 pleiteando o ressarcimento imediato dos valores retidos no m\u00eas passado. Segundo informa\u00e7\u00e3o do superintendente de Recursos Humanos&hellip;<\/p>\n","protected":false},"author":3,"featured_media":0,"comment_status":"open","ping_status":"open","sticky":false,"template":"","format":"standard","meta":{"footnotes":""},"categories":[15],"tags":[103,46,102],"class_list":["post-849","post","type-post","status-publish","format-standard","hentry","category-noticias","tag-gratificacao","tag-informes-juridicos","tag-insalubridade","category-15","description-off"],"_links":{"self":[{"href":"https:\/\/www.adufpb.org.br\/site\/wp-json\/wp\/v2\/posts\/849","targetHints":{"allow":["GET"]}}],"collection":[{"href":"https:\/\/www.adufpb.org.br\/site\/wp-json\/wp\/v2\/posts"}],"about":[{"href":"https:\/\/www.adufpb.org.br\/site\/wp-json\/wp\/v2\/types\/post"}],"author":[{"embeddable":true,"href":"https:\/\/www.adufpb.org.br\/site\/wp-json\/wp\/v2\/users\/3"}],"replies":[{"embeddable":true,"href":"https:\/\/www.adufpb.org.br\/site\/wp-json\/wp\/v2\/comments?post=849"}],"version-history":[{"count":2,"href":"https:\/\/www.adufpb.org.br\/site\/wp-json\/wp\/v2\/posts\/849\/revisions"}],"predecessor-version":[{"id":853,"href":"https:\/\/www.adufpb.org.br\/site\/wp-json\/wp\/v2\/posts\/849\/revisions\/853"}],"wp:attachment":[{"href":"https:\/\/www.adufpb.org.br\/site\/wp-json\/wp\/v2\/media?parent=849"}],"wp:term":[{"taxonomy":"category","embeddable":true,"href":"https:\/\/www.adufpb.org.br\/site\/wp-json\/wp\/v2\/categories?post=849"},{"taxonomy":"post_tag","embeddable":true,"href":"https:\/\/www.adufpb.org.br\/site\/wp-json\/wp\/v2\/tags?post=849"}],"curies":[{"name":"wp","href":"https:\/\/api.w.org\/{rel}","templated":true}]}}