{"id":8408,"date":"2014-03-18T23:38:01","date_gmt":"2014-03-19T03:38:01","guid":{"rendered":"http:\/\/www.adufpb.org.br\/site\/?p=8408"},"modified":"2014-03-18T23:38:01","modified_gmt":"2014-03-19T03:38:01","slug":"eventos-lembram-50-anos-de-resistencia-e-repudio-ao-golpe-militar-de-1964","status":"publish","type":"post","link":"https:\/\/www.adufpb.org.br\/site\/eventos-lembram-50-anos-de-resistencia-e-repudio-ao-golpe-militar-de-1964\/","title":{"rendered":"Eventos lembram 50 anos de resist\u00eancia e rep\u00fadio ao Golpe Militar de 1964"},"content":{"rendered":"<p>\u201c50 Anos de Resist\u00eancia e Rep\u00fadio ao Golpe Militar de 1964\u201d \u00e9 o tema de uma s\u00e9rie de atividades que ser\u00e3o realizadas ao longo dos meses de mar\u00e7o e abril em Jo\u00e3o Pessoa para discutir os anos de terror da ditadura no Brasil. A ADUFPB \u00e9 uma das entidades apoiadoras dos eventos<\/p>\n<p>As atividades tiveram in\u00edcio no dia 11 de mar\u00e7o, com a audi\u00eancia p\u00fablica \u201cMulheres na Resist\u00eancia\u201d, realizada no audit\u00f3rio da OAB. J\u00e1 no dia 16 foi realizado o cortejo \u201cTambores da Paz\u201d, em Mangabeira.<\/p>\n<p>No pr\u00f3ximo dia 22 come\u00e7a a \u201cMostra de Filmes pela Verdade, Mem\u00f3ria e Justi\u00e7a\u201d, na TV Cidade de Jo\u00e3o Pessoa, que se segue at\u00e9 1\u00ba de abril, sempre \u00e0s 19h. J\u00e1 em 25 de mar\u00e7o, haver\u00e1 uma audi\u00eancia p\u00fablica da Comiss\u00e3o Estadual da Verdade e da Preserva\u00e7\u00e3o da Mem\u00f3ria do Estado da Para\u00edba com o tema \u201cGreve dos Marinheiros\u201d.<\/p>\n<p>Confira abaixo a programa\u00e7\u00e3o completa dos eventos:<\/p>\n<p align=\"center\"><b>50 ANOS DE RESISTENCIA E REP\u00daDIO AO GOLPE MILITAR DE 1964<\/b><\/p>\n<p align=\"center\"><b>PROGRAMA\u00c7\u00c3O GERAL <\/b><\/p>\n<p><b>Dia 11 de mar\u00e7o de 2014 \u2013 ter\u00e7a-feira \u2013 9<\/b><b>h &#8211;<\/b> <b>Audi\u00eancia P\u00fablica<\/b> &#8220;Mulheres na Resist\u00eancia&#8221;, audit\u00f3rio da OAB.<\/p>\n<p><b>Dia 16 de mar\u00e7o de 2014 \u2013 domingo \u2013 Tambores da Paz \u2013 <\/b>Cortejo do terreiro na Rua Valdemar Feliz dos Santos at\u00e9 a Pra\u00e7a do Coqueiral em Mangabeira<\/p>\n<p><b>Dos dias 22 de mar\u00e7o a 1 de abril\u00a0\u2013 19<\/b><b>h &#8211;<\/b> <b>Mostra de Filmes<\/b> pela Verdade, Mem\u00f3ria e Justi\u00e7a \u2013 TV Cidade Jo\u00e3o Pessoa<\/p>\n<p><b>Dia 25 de mar\u00e7o de 2014 \u2013<\/b><b> ter\u00e7a-feira -14h30 &#8211;<\/b> <b>Audi\u00eancia P\u00fablica &#8211;<\/b>\u00a0Comiss\u00e3o Estadual da Verdade e da Preserva\u00e7\u00e3o da Mem\u00f3ria do Estado da Para\u00edba &#8211; &#8220;Greve dos Marinheiros&#8221;, com depoimentos de Paulo Conserva e Jos\u00e9 Adeildo Ramos.<\/p>\n<p><b>Dia 28 de mar\u00e7o de 2014 \u2013 sexta-feira \u2013 9<\/b><b>h<\/b> &#8211; <b>Instala\u00e7\u00e3o da Comiss\u00e3o Municipal Mem\u00f3ria, Verdade e Justi\u00e7a<\/b> &#8211; Pa\u00e7o Municipal de Jo\u00e3o Pessoa (antigo Correios)<\/p>\n<p><b>15<\/b><b>h <i>&#8211; <\/i>Debate 50 anos de Resist\u00eancia e Rep\u00fadio ao golpe militar<\/b> \u2013 com participa\u00e7\u00e3o de Rog\u00e9rio Sottili, secret\u00e1rio de Direitos Humanos de S\u00e3o Paulo &#8211; Audit\u00f3rio da OAB<\/p>\n<p><b>Dia 29 e 30 de mar\u00e7o<\/b><b> \u2013 Grafitagem e Oficina de Confec\u00e7\u00e3o de Materiais de Propaganda<\/b><\/p>\n<p><b>Dia 29 de mar\u00e7o de 2014 &#8211;<\/b> <b>quinta\u2013feira \u2013 18<\/b><b>h &#8211; Lan\u00e7amento do Filme<\/b> \u201c A Mesa Vermelha\u201d , com a presen\u00e7a dos ex-presos pol\u00edticos de Itamarac\u00e1 &#8211; Casar\u00e3o 34 ou Funjope<\/p>\n<p><b>Dia 30 de mar\u00e7o de 2014 \u2013 <\/b>domingo -7h &#8211; Panfletagem &#8211; Feira de Oitizeiro\u00a0e de Cruz das Armas<\/p>\n<p><b>9<\/b><b>h &#8211; Ato de rep\u00fadio pelas pris\u00f5es, torturas e desaparecimentos de presos pol\u00edticos na Para\u00edba \u2013\u00a0<\/b>Pra\u00e7a em frente ao 15RI no bairro de Cruz das Armas (Participa\u00e7\u00e3o do Comit\u00ea Estadual de Preven\u00e7\u00e3o a Tortura, Conselho Estadual de Direitos Humanos)<\/p>\n<p><b>Dia 31 de mar\u00e7o de 2014 &#8211; <\/b><b>segunda-feira \u2013 9h &#8211; Caminhada da Resistencia <\/b>&#8211; Sa\u00edda do trevo CCHLA na entrada da UFPB encerrando com um ato pol\u00edtico em frente ao Mercado do bairro. A caminhada objetiva sensibilizar a popula\u00e7\u00e3o do bairro para a mudan\u00e7a do nome da rua principal do conjunto e da Escola Estadual Emilio Garrastazu M\u00e9dici.<\/p>\n<p><b>10h, Audi\u00eancia no Pal\u00e1cio da Reden\u00e7\u00e3o para entrega do Relat\u00f3rio de um ano de atividades da CEVPM-PB<\/b>.<\/p>\n<p><b>17<\/b><b>h &#8211; Vig\u00edlia<\/b> \u2013 concentra\u00e7\u00e3o em frente \u00e0 Faculdade Mauricio de Nassau na rua Epit\u00e1cio Pessoa com caminhada em dire\u00e7\u00e3o a praia at\u00e9 o Grupamento de Engenharia onde ocorrer\u00e1 a vig\u00edlia com uma programa\u00e7\u00e3o cultural, Ecum\u00eanica e Pol\u00edtica<\/p>\n<p><b>Dia 1 de abril de 2014 &#8211;\u00a0ter\u00e7a-feira \u2013 <\/b>9h &#8211;<b> <\/b>Distribui\u00e7\u00e3o de 50.000 panfletos &#8211; Ponto de Cem Reis<\/p>\n<p><b>12<\/b><b>h &#8211; Caminhada da Resistencia e audi\u00eancia na C\u00e2mara Municipal<\/b> &#8211;<b> <\/b>Concentra\u00e7\u00e3o na Lagoa, pr\u00f3ximo aos pontos de \u00f4nibus, com faixas, bandeiras, carro de som at\u00e9 a C\u00e2mara Municipal<\/p>\n<p>Lan\u00e7amento do Abaixo Assinado em Apoio ao Projeto de Iniciativa Popular para mudan\u00e7a de nomes de ruas e pr\u00e9dios p\u00fablicos que fa\u00e7am referencia, alus\u00e3o ou homenagens a pessoas que participaram do regime militar de 1964-1985.<\/p>\n<p><b>15h<\/b> \u2013 C\u00e2mara Municipal \u2013 <b>Sess\u00e3o especial <\/b>para devolu\u00e7\u00e3o simb\u00f3lica dos mandatos aos vereadores cassados pela ditadura militar. Entrega do Projeto de Iniciativa Popular da mudan\u00e7a de nomes<\/p>\n<p><b>Dia 2 de abril de 2014 \u2013 9h \u2013<\/b> Memorial das Ligas Camponesas, Barra de Antas \u2013 Sap\u00e9<\/p>\n<p><b>9h <\/b>&#8211; Visita\u00e7\u00e3o dos alunos das escolas p\u00fablicas da regi\u00e3o ao Memorial das Ligas Camponesas;\u00a0Visita\u00e7\u00e3o aberta ao p\u00fablico com explica\u00e7\u00f5es sobre o acervo.\u00a0Exibi\u00e7\u00e3o de v\u00eddeos sobre a luta no campo.<\/p>\n<p><b>14h &#8211;<\/b> Caminhada saindo de Caf\u00e9 do Vento at\u00e9 o local em que Jo\u00e3o Pedro Teixeira foi assassinado<\/p>\n<p>Mem\u00f3rias: \u00a0Sobre a luta dos camponeses de Barra de Antas e entorno em resist\u00eancia e rep\u00fadio ao golpe militar de 1964;\u00a0homenagem a Eduardo Coutinho.<\/p>\n<p><b>REALIZA\u00c7\u00c3O, ORGANIZA\u00c7\u00c3O E APOIOS<\/b><\/p>\n<p>A\u00e7\u00e3o Libertadora Nacional(ALN)<br \/>\nAssocia\u00e7\u00e3o Cultural Jose Mart\u00ed (ACJM)<br \/>\nAssocia\u00e7\u00e3o Paraibana dos Amigos da Natureza (APAN)<br \/>\nAssocia\u00e7\u00e3o Paraibana dos Estudantes Secundaristas (APES)<br \/>\nCentral \u00danica dos Trabalhadores (CUT)<br \/>\nCentro de Direitos Humanos Dom Oscar Romero.<br \/>\nColetivo da Sa\u00fade \u2013 UFPB<br \/>\nColetivo Desentoca (Direito \u2013 UFPB)<br \/>\nComiss\u00e3o Estadual da Verdade e da Preserva\u00e7\u00e3o da Mem\u00f3ria do Estado da Para\u00edba<br \/>\nComit\u00ea Estadual de Preven\u00e7\u00e3o a Tortura<br \/>\nConselho Estadual de Defesa dos Direitos Humanos<br \/>\nConsulta Popular<br \/>\nComit\u00ea Paraibano Mem\u00f3ria, Verdade e Justi\u00e7a<br \/>\nDignitatis<br \/>\nGrupo de Mulheres L\u00e9sbicas e Bissexuais Maria Quit\u00e9ria<br \/>\nGrupo Ymyrapyt\u00e3- Ligas da Mem\u00f3ria, Verdade e Justi\u00e7a<br \/>\nLevante Popular da Juventude<br \/>\nMemorial das Ligas Camponesas<br \/>\nMovimento do Esp\u00edrito Lil\u00e1s (MEL)<br \/>\nMovimento dos Trabalhadores Sem Terra (MST)<br \/>\nN\u00facleo de Cidadania e Direitos Humanos, Comiss\u00e3o de Direitos Humanos e Centro de Referencia de Direitos Humanos da UFPB<br \/>\nPartido Comunista Revolucion\u00e1rio (PCR)<br \/>\nPartido dos Trabalhadores (PT)<br \/>\nPrefeitura Municipal de Jo\u00e3o Pessoa<br \/>\nSindicato dos Auditores Fiscais da Para\u00edba (Sindifisco)<br \/>\nSindicato dos Banc\u00e1rios da Para\u00edba<br \/>\nSindicato dos Docentes da UFPB (ADUFPB)<br \/>\nSindicato dos Jornalistas da Para\u00edba<br \/>\nSindicato dos Trabalhadores da Constru\u00e7\u00e3o Civil (Sintricom)<br \/>\nSindicato dos Trabalhadores da Limpeza Urbana (Sindlimp)<br \/>\nSindicato dos Trabalhadores em Educa\u00e7\u00e3o da Para\u00edba (Sintep)<br \/>\nSindicato dos Urbanit\u00e1rios da Para\u00edba (Stiupb)<br \/>\nTambores da Paz<br \/>\nUni\u00e3o da Juventude Rebeli\u00e3o (UJR)<\/p>\n","protected":false},"excerpt":{"rendered":"<p>\u201c50 Anos de Resist\u00eancia e Rep\u00fadio ao Golpe Militar de 1964\u201d \u00e9 o tema de uma s\u00e9rie de atividades que ser\u00e3o realizadas ao longo dos meses de mar\u00e7o e abril em Jo\u00e3o Pessoa para discutir os anos de terror da ditadura no Brasil. A ADUFPB \u00e9 uma das entidades apoiadoras dos eventos As atividades tiveram&hellip;<\/p>\n","protected":false},"author":3,"featured_media":0,"comment_status":"closed","ping_status":"closed","sticky":false,"template":"","format":"standard","meta":{"footnotes":""},"categories":[15],"tags":[],"class_list":["post-8408","post","type-post","status-publish","format-standard","hentry","category-noticias","category-15","description-off"],"_links":{"self":[{"href":"https:\/\/www.adufpb.org.br\/site\/wp-json\/wp\/v2\/posts\/8408","targetHints":{"allow":["GET"]}}],"collection":[{"href":"https:\/\/www.adufpb.org.br\/site\/wp-json\/wp\/v2\/posts"}],"about":[{"href":"https:\/\/www.adufpb.org.br\/site\/wp-json\/wp\/v2\/types\/post"}],"author":[{"embeddable":true,"href":"https:\/\/www.adufpb.org.br\/site\/wp-json\/wp\/v2\/users\/3"}],"replies":[{"embeddable":true,"href":"https:\/\/www.adufpb.org.br\/site\/wp-json\/wp\/v2\/comments?post=8408"}],"version-history":[{"count":2,"href":"https:\/\/www.adufpb.org.br\/site\/wp-json\/wp\/v2\/posts\/8408\/revisions"}],"predecessor-version":[{"id":8410,"href":"https:\/\/www.adufpb.org.br\/site\/wp-json\/wp\/v2\/posts\/8408\/revisions\/8410"}],"wp:attachment":[{"href":"https:\/\/www.adufpb.org.br\/site\/wp-json\/wp\/v2\/media?parent=8408"}],"wp:term":[{"taxonomy":"category","embeddable":true,"href":"https:\/\/www.adufpb.org.br\/site\/wp-json\/wp\/v2\/categories?post=8408"},{"taxonomy":"post_tag","embeddable":true,"href":"https:\/\/www.adufpb.org.br\/site\/wp-json\/wp\/v2\/tags?post=8408"}],"curies":[{"name":"wp","href":"https:\/\/api.w.org\/{rel}","templated":true}]}}