{"id":8333,"date":"2014-03-14T15:31:45","date_gmt":"2014-03-14T19:31:45","guid":{"rendered":"http:\/\/www.adufpb.org.br\/site\/?p=8333"},"modified":"2014-03-14T15:31:45","modified_gmt":"2014-03-14T19:31:45","slug":"adufpb-convida-para-reuniao-sobre-carreira-ebtt","status":"publish","type":"post","link":"https:\/\/www.adufpb.org.br\/site\/adufpb-convida-para-reuniao-sobre-carreira-ebtt\/","title":{"rendered":"ADUFPB convida para reuni\u00e3o sobre carreira EBTT"},"content":{"rendered":"<p dir=\"ltr\">A ADUFPB convida todos os professores do Ensino B\u00e1sico, T\u00e9cnico e Tecnol\u00f3gico da UFPB a participarem na pr\u00f3xima segunda-feira (17\/3), \u00e0s 14h, de uma reuni\u00e3o para avalia\u00e7\u00e3o e aprova\u00e7\u00e3o da proposta de Reconhecimento de Saberes e Compet\u00eancias (RSC) que ser\u00e1 apresentada \u00e0 reitoria. A reuni\u00e3o ser\u00e1 na sede do Sindicato, localizada no Centro de Viv\u00eancia do campus I, em Jo\u00e3o Pessoa.<\/p>\n<p dir=\"ltr\">O RSC \u00e9 o documento que estabelece par\u00e2metros de pontua\u00e7\u00e3o para a ascens\u00e3o de carreira profissional dos EBTT. Segundo o professor Carlos Cartaxo, diretor da ADUFPB, a proposta que ser\u00e1 colocada para an\u00e1lise na pr\u00f3xima segunda-feira foi elaborada, com base em modelo do Minist\u00e9rio da Educa\u00e7\u00e3o (MEC), por uma comiss\u00e3o de docentes aberta a participa\u00e7\u00e3o de todos e ser\u00e1 apresentada \u00e0 reitoria e colocada para aprova\u00e7\u00e3o do Consuni e do Consepe.<\/p>\n<p><em>Fonte: Ascom ADUFPB<\/em><\/p>\n","protected":false},"excerpt":{"rendered":"<p>A ADUFPB convida todos os professores do Ensino B\u00e1sico, T\u00e9cnico e Tecnol\u00f3gico da UFPB a participarem na pr\u00f3xima segunda-feira (17\/3), \u00e0s 14h, de uma reuni\u00e3o para avalia\u00e7\u00e3o e aprova\u00e7\u00e3o da proposta de Reconhecimento de Saberes e Compet\u00eancias (RSC) que ser\u00e1 apresentada \u00e0 reitoria. A reuni\u00e3o ser\u00e1 na sede do Sindicato, localizada no Centro de Viv\u00eancia&hellip;<\/p>\n","protected":false},"author":3,"featured_media":0,"comment_status":"closed","ping_status":"closed","sticky":false,"template":"","format":"standard","meta":{"footnotes":""},"categories":[15],"tags":[179],"class_list":["post-8333","post","type-post","status-publish","format-standard","hentry","category-noticias","tag-ebtt","category-15","description-off"],"_links":{"self":[{"href":"https:\/\/www.adufpb.org.br\/site\/wp-json\/wp\/v2\/posts\/8333","targetHints":{"allow":["GET"]}}],"collection":[{"href":"https:\/\/www.adufpb.org.br\/site\/wp-json\/wp\/v2\/posts"}],"about":[{"href":"https:\/\/www.adufpb.org.br\/site\/wp-json\/wp\/v2\/types\/post"}],"author":[{"embeddable":true,"href":"https:\/\/www.adufpb.org.br\/site\/wp-json\/wp\/v2\/users\/3"}],"replies":[{"embeddable":true,"href":"https:\/\/www.adufpb.org.br\/site\/wp-json\/wp\/v2\/comments?post=8333"}],"version-history":[{"count":1,"href":"https:\/\/www.adufpb.org.br\/site\/wp-json\/wp\/v2\/posts\/8333\/revisions"}],"predecessor-version":[{"id":8334,"href":"https:\/\/www.adufpb.org.br\/site\/wp-json\/wp\/v2\/posts\/8333\/revisions\/8334"}],"wp:attachment":[{"href":"https:\/\/www.adufpb.org.br\/site\/wp-json\/wp\/v2\/media?parent=8333"}],"wp:term":[{"taxonomy":"category","embeddable":true,"href":"https:\/\/www.adufpb.org.br\/site\/wp-json\/wp\/v2\/categories?post=8333"},{"taxonomy":"post_tag","embeddable":true,"href":"https:\/\/www.adufpb.org.br\/site\/wp-json\/wp\/v2\/tags?post=8333"}],"curies":[{"name":"wp","href":"https:\/\/api.w.org\/{rel}","templated":true}]}}