{"id":8283,"date":"2014-03-13T14:52:34","date_gmt":"2014-03-13T18:52:34","guid":{"rendered":"http:\/\/www.adufpb.org.br\/site\/?p=8283"},"modified":"2014-03-19T11:31:28","modified_gmt":"2014-03-19T15:31:28","slug":"professores-da-ufpb-aderem-a-paralisacao-de-24-horas-e-programam-ato-publico-em-frente-a-reitoria","status":"publish","type":"post","link":"https:\/\/www.adufpb.org.br\/site\/professores-da-ufpb-aderem-a-paralisacao-de-24-horas-e-programam-ato-publico-em-frente-a-reitoria\/","title":{"rendered":"Professores da UFPB aderem a paralisa\u00e7\u00e3o de 24 horas e programam ato p\u00fablico em frente \u00e0 reitoria"},"content":{"rendered":"<p dir=\"ltr\">Os professores da UFPB v\u00e3o aderir \u00e0 paralisa\u00e7\u00e3o nacional de 24 horas dos servidores p\u00fablicos federais, na pr\u00f3xima quarta-feira, 19 de mar\u00e7o. Na data, eles ir\u00e3o realizar um ato em frente ao pr\u00e9dio da reitoria, no campus I, em Jo\u00e3o Pessoa, para divulgar a pauta de luta da categoria dos docentes federais e entregar as reivindica\u00e7\u00f5es locais \u00e0 reitora Margareth Diniz.<\/p>\n<p dir=\"ltr\"><span style=\"font-size: 14px;\">Essas foram algumas das decis\u00f5es tomadas na rodada de assembleias realizada pela ADUFPB na ter\u00e7a-feira (11\/3), nos campi de Areia e Bananeiras, e quarta-feira (12\/3), no campus de Jo\u00e3o Pessoa (os professores do Litoral Norte participam da reuni\u00e3o na capital).<\/span><\/p>\n<p dir=\"ltr\">Os professores presentes tamb\u00e9m votaram a favor de sugerir ao Conselho de Representantes da ADUFPB a realiza\u00e7\u00e3o de uma reuni\u00e3o na primeira semana de aula do pr\u00f3ximo semestre letivo. Foram aprovadas, ainda, uma nova rodada de assembleias nos quatro campi nos dias 23 e 24 de abril e a proposta de levar \u00e0 pr\u00f3xima reuni\u00e3o da Diretoria Executiva do Sindicato a sugest\u00e3o de dar in\u00edcio a uma campanha para esclarecer os professores de que o ANDES \u2013 Sindicato Nacional \u00e9 a entidade representativa da categoria.<\/p>\n<p dir=\"ltr\">Em Jo\u00e3o Pessoa, a assembleia foi aberta pelo presidente da ADUFPB, professor Jaldes Meneses. Segundo ele, a rodada de assembleia contou com 80 assinaturas. \u201cMesmo n\u00e3o dando qu\u00f3rum, a participa\u00e7\u00e3o e a disposi\u00e7\u00e3o de lutas dos presentes foram bastante positivas. A avalia\u00e7\u00e3o geral \u00e9 de que a luta da campanha salarial 2014 est\u00e1 apenas dando seus primeiros passos e, nas pr\u00f3ximas assembleia, existe a possibilidade real de encher os audit\u00f3rios\u201d, afirma o presidente.<\/p>\n<p dir=\"ltr\">A pauta unificada de reivindica\u00e7\u00f5es\u00a0dos servidores p\u00fablicos federais deste ano foi protocolada no Minist\u00e9rio do Planejamento, Or\u00e7amento e Gest\u00e3o no dia 24 de janeiro. O texto apresentado ao MPOG destaca oito eixos:<\/p>\n<blockquote>\n<p dir=\"ltr\"><strong>CAMPANHA UNIFICADA DOS SPFs<\/strong><\/p>\n<p dir=\"ltr\"><span style=\"color: #ff0000;\">&#8211; Defini\u00e7\u00e3o de data-base (1\u00ba de maio);<\/span><\/p>\n<p dir=\"ltr\"><span style=\"color: #ff0000;\">&#8211; Pol\u00edtica salarial permanente com reposi\u00e7\u00e3o inflacion\u00e1ria, valoriza\u00e7\u00e3o do sal\u00e1rio base e incorpora\u00e7\u00e3o das gratifica\u00e7\u00f5es;<\/span><\/p>\n<p dir=\"ltr\"><span style=\"color: #ff0000;\">&#8211; Cumprimento por parte do governo dos acordos e protocolo de inten\u00e7\u00f5es firmados;<\/span><\/p>\n<p dir=\"ltr\"><span style=\"color: #ff0000;\">&#8211; Contra qualquer reforma que retire direitos dos trabalhadores;<\/span><\/p>\n<p dir=\"ltr\"><span style=\"color: #ff0000;\">&#8211; Retirada por PLs, MPs, decretos contr\u00e1rios aos interesses dos servidores p\u00fablicos;<\/span><\/p>\n<p dir=\"ltr\"><span style=\"color: #ff0000;\">&#8211; Paridade e integralidade entre ativos, aposentados e pensionistas;<\/span><\/p>\n<p dir=\"ltr\"><span style=\"color: #ff0000;\">&#8211; Reajuste dos benef\u00edcios;<\/span><\/p>\n<p dir=\"ltr\"><span style=\"color: #ff0000;\">&#8211; Antecipa\u00e7\u00e3o para 2014 da parcela de reajustes de 2015.<\/span><\/p>\n<\/blockquote>\n<p>J\u00e1 as reivindica\u00e7\u00f5es espec\u00edficas dos docentes federais foram protocoladas pelo ANDES no Minist\u00e9rio da Educa\u00e7\u00e3o no dia 26 de fevereiro.\u00a0Na carta, o Sindicato Nacional apresenta a pauta e reitera a \u201cproposta de reestrutura\u00e7\u00e3o da carreira dos professores federais, tendo como refer\u00eancia o \u2018Projeto de carreira \u00fanica de professor federal\u2019, aprovado no 30\u00ba Congresso\u201d, que foi protocolado no MEC desde mar\u00e7o de 2011.<\/p>\n<p>Assista abaixo v\u00eddeo com trecho da fala do professor Jaldes a respeito da campanha unificada dos SPFs. Ele destaca que um dos principais pontos de reivindica\u00e7\u00f5es \u00e9 a antecipa\u00e7\u00e3o (de 2015 para 2014) da terceira parcela do reajuste acordado com praticamente todas as categorias de servidores p\u00fablicos federais em 2012.<\/p>\n<p><iframe loading=\"lazy\" src=\"http:\/\/www.youtube.com\/embed\/VqC_LdA6FPE\" height=\"350\" width=\"425\" frameborder=\"0\"><\/iframe><\/p>\n<p>&nbsp;<\/p>\n<p><a href=\"http:\/\/www.adufpb.org.br\/site\/wp-content\/uploads\/2014\/03\/APRESENTA\u00c7\u00c3O-ATUALIZADA-ASSEMBLEIA-GERAL-12-MAR\u00c7O-2013.pdf\">Clique aqui<\/a> para fazer o download dos slides (em formato PDF) apresentados pelo professor Jaldes durante a assembleia com os pontos da campanha salarial unificada e o cronograma de atividades dos SPFs<\/p>\n<p>&nbsp;<\/p>\n<p><strong>\u201cUniversidade e Movimento Docente\u201d<\/strong><\/p>\n<p dir=\"ltr\">A fase de informes teve in\u00edcio com o professor Fernando Cunha, diretor de Pol\u00edtica Sindical da ADUFPB, que falou sobre o semin\u00e1rio \u201cUniversidade e Movimento Docente\u201d realizado nos dias 21 e 22 de fevereiro, em Jo\u00e3o Pessoa, que contou com a participa\u00e7\u00e3o de 61 professores.<\/p>\n<p dir=\"ltr\">No primeiro dia \u2013 realizado no Hotel Littoral, no bairro do Cabo Branco, em Jo\u00e3o Pessoa \u2013, o presidente da ADUFPB, Jaldes Meneses, e a presidente do ANDES \u2013 Sindicato Nacional, Marinalva Oliveira, falaram sobre o contexto atual das universidades federais e da luta do movimento docente no Pa\u00eds. Em seguida foi aberto o debate, que contou com grande participa\u00e7\u00e3o dos professores.<\/p>\n<p dir=\"ltr\">No segundo momento da noite, os professores Marcelo Sitcovsky e Clodoaldo Silveira pontuaram alguns assuntos priorit\u00e1rios para a luta docente na UFPB. No debate, os docentes fizeram seus coment\u00e1rios e fizeram novas sugest\u00f5es sobre temas que devem estar na pauta de luta.<\/p>\n<p dir=\"ltr\">J\u00e1 no segundo dia de evento, s\u00e1bado, 22 de fevereiro, os professores se reuniram no audit\u00f3rio do Centro de Educa\u00e7\u00e3o, no campus I, para voltar a discutir os t\u00f3picos apontados e sintetizar todo o debate. \u201cO semin\u00e1rio n\u00e3o tinha car\u00e1ter deliberativo, mas sim propositivo. Ele serve como pauta para a diretoria tra\u00e7ar seu planejamento para 2014\u201d, explicou Fernando Cunha durante a assembleia.<\/p>\n<p dir=\"ltr\">A partir do que foi discutido no Semin\u00e1rio, a Diretoria da ADUFPB elencou os quatro pontos que v\u00e3o nortear a pauta local de luta da categoria para 2014.<\/p>\n<blockquote>\n<p dir=\"ltr\"><strong>PAUTA LOCAL DOS DOCENTES DA UFPB<\/strong><\/p>\n<p dir=\"ltr\"><span style=\"color: #ff0000;\">&#8211; Defesa das condi\u00e7\u00f5es de trabalho docente nos quatro campi;<\/span><\/p>\n<p dir=\"ltr\"><span style=\"color: #ff0000;\">&#8211; Defesa de uma gest\u00e3o transparente e democr\u00e1tica na UFPB;<\/span><\/p>\n<p dir=\"ltr\"><span style=\"color: #ff0000;\">&#8211; Defesa da retomada das obras inconclusas do Reuni;<\/span><\/p>\n<p dir=\"ltr\"><span style=\"color: #ff0000;\">&#8211; Rejei\u00e7\u00e3o \u00e0 Empresa Brasileira de Servi\u00e7os Hospitalares (Ebserh).<\/span><\/p>\n<\/blockquote>\n<p><strong style=\"font-size: 14px;\">Plebiscito<\/strong><\/p>\n<p dir=\"ltr\">Outro informe do professor Fernando Cunha foi referente \u00e0 campanha nacional para realiza\u00e7\u00e3o de um plebiscito popular por uma Constitui\u00e7\u00e3o exclusiva e soberana. \u201cAno passado, v\u00e1rias entidades tiraram como encaminhamento realizar em setembro, na Semana da P\u00e1tria, esse plebiscito\u201d, explicou Fernando Cunha.<\/p>\n<p dir=\"ltr\">Segundo ele, nos dias 22 e 23 de mar\u00e7o ser\u00e1 realizado um curso de forma\u00e7\u00e3o a respeito do plebiscito, que contar\u00e1 com a participa\u00e7\u00e3o da Diretoria da ADUFPB. O Sindicato tem como encaminhamento realizar um debate sobre o plebiscito internamente dentro da universidade.<\/p>\n<p><strong style=\"font-size: 14px;\">Congresso do ANDES e aposentados<\/strong><\/p>\n<p dir=\"ltr\">Mais informes foram apresentados pelo professor Jaldes Meneses. Ele falou sobre a participa\u00e7\u00e3o da ADUFPB no 33\u00ba Congresso do ANDES-SN, realizado entre 10 e 15 de fevereiro, em S\u00e3o Lu\u00eds (MA). Segundo ele, o evento teve como foco principal a campanha salarial 2014. Jaldes Meneses lembrou, ainda, que as elei\u00e7\u00f5es para ANDES ser\u00e3o realizadas no m\u00eas de maio e ter\u00e1 chapa \u00fanica.<\/p>\n<p dir=\"ltr\">A professora Teresinha Diniz, secret\u00e1ria-geral da ADUFPB, tamb\u00e9m deu informes relacionados ao 33\u00ba Congresso do ANDES. De acordo com ela, os delegados do Sindicato apresentaram no evento um Texto de Resolu\u00e7\u00e3o pedindo que se verifique o corte nos proventos dos professores aposentados que eram contemplados pelo artigo 192 da Lei 8.112\/90 (Regime Jur\u00eddico \u00danico). \u201cH\u00e1 professores com corte de at\u00e9 R$ 1,8 mil\u201d, revelou Teresinha Diniz.<\/p>\n<p dir=\"ltr\">A TR apresentada pela ADUFPB foi aprovada no Congresso do ANDES. \u201cAl\u00e9m disso, agendamos audi\u00eancia com a reitora Margareth Diniz para levar essa quest\u00e3o a ela ouvir dela uma solu\u00e7\u00e3o para o problema\u201d. Segundo a professora, o corte nos provento foi feito com base em uma orienta\u00e7\u00e3o do Governo Federal que n\u00e3o tem for\u00e7a impositiva. \u201cDepende da autonomia de cada universidade aplicar ou n\u00e3o, mas a UFPB tem sido muito \u2018obediente\u2019\u201d, afirmou.<\/p>\n<p><strong><span style=\"font-size: 14px;\">Greve dos servidores<\/span><\/strong><\/p>\n<p dir=\"ltr\">O presidente do Sindicato dos Trabalhadores em Ensino Superior da Para\u00edba (Sintespb), Severino Ramos, participou da assembleia de professores em Jo\u00e3o Pessoa para dar informes sobre a greve dos servidores t\u00e9cnicos-administrativos da UFPB, que ter\u00e1 in\u00edcio na pr\u00f3xima segunda-feira, 17 de mar\u00e7o. Na UFCG, os funcion\u00e1rios ainda ir\u00e3o realizar uma nova assembleia para decidir se aderem ao movimento.<\/p>\n<p dir=\"ltr\">\u201cS\u00f3 sai qualquer tipo de acordo com esse governo que venha a atender as leg\u00edtimas reivindica\u00e7\u00f5es dos trabalhadores se n\u00f3s exercermos a press\u00e3o m\u00e1xima. E a press\u00e3o m\u00e1xima no nosso entendimento \u00e9 a greve\u201d, declarou Severino Ramos.<\/p>\n<p dir=\"ltr\">\u201cN\u00f3s j\u00e1 vinhamos dialogando nos anos de 2012 e 2013. Na greve de 2012, fechamos um acordo, mas parte essencial dele n\u00e3o foi cumprido, de modo que, em janeiro de 2013, renovamos as nossas reivindica\u00e7\u00f5es para dialogar sobre pontos pendentes. E chegamos agora a 2014 sem resolver essas quest\u00f5es\u201d, disse.<\/p>\n<p dir=\"ltr\">De acordo com o presidente do Sintespb, n\u00e3o h\u00e1 uma unifica\u00e7\u00e3o ainda para deflagra\u00e7\u00e3o nacional da greve. Na plen\u00e1ria da Fasubra (Federa\u00e7\u00e3o de Sindicatos de Trabalhadores T\u00e9cnicos-Administrativos em Institui\u00e7\u00f5es de Ensino Superior P\u00fablicas), 24 institui\u00e7\u00f5es foram a favor da greve e 14 foram contra ou se abstiveram. \u201cDe l\u00e1 para c\u00e1, houve negocia\u00e7\u00e3o com o MEC, sem nenhuma resolu\u00e7\u00e3o ou indica\u00e7\u00e3o do governo de dar solu\u00e7\u00e3o\u201d, afirma.<\/p>\n<p><strong><span style=\"font-size: 14px;\">Novo site e Revista Conceitos<\/span><\/strong><\/p>\n<p dir=\"ltr\">O diretor de Comunica\u00e7\u00e3o da ADUFPB, professor Ricardo Lucena, falou sobre o novo site do Sindicato, que est\u00e1 no ar desde o dia 14 de fevereiro. De acordo com ele, a entidade est\u00e1 recebendo sugest\u00f5es sobre as mudan\u00e7as feitas na p\u00e1gina. \u201cO professor que quiser fazer sugest\u00e3o ou cr\u00edticas ao novo site podem nos procurar ou mandar e-mail\u201d.<\/p>\n<p dir=\"ltr\">Ele lembrou a nova p\u00e1gina eletr\u00f4nica trouxe uma grande inova\u00e7\u00e3o: o Portal da Transpar\u00eancia, onde os filiados podem acompanhar as despesas e receita da ADUFPB de forma on-line, sem precisar sair de casa.<\/p>\n<p>Ricardo Lucena falou tamb\u00e9m sobre o novo n\u00famero da Revista Conceitos. \u201cA ideia \u00e9 lan\u00e7ar mais um n\u00famero em junho ou julho, por isso os professores j\u00e1 podem encaminhar seus artigos. E quem tiver interesse em adquirir a \u00faltima edi\u00e7\u00e3o pode procurar a sede do Sindicato. Da mesma forma, tamb\u00e9m est\u00e3o dispon\u00edveis as agendas ADUFPB 2014\u201d.<\/p>\n<p><em>Fonte: Ascom ADUFPB<\/em><\/p>\n","protected":false},"excerpt":{"rendered":"<p>Os professores da UFPB v\u00e3o aderir \u00e0 paralisa\u00e7\u00e3o nacional de 24 horas dos servidores p\u00fablicos federais, na pr\u00f3xima quarta-feira, 19 de mar\u00e7o. Na data, eles ir\u00e3o realizar um ato em frente ao pr\u00e9dio da reitoria, no campus I, em Jo\u00e3o Pessoa, para divulgar a pauta de luta da categoria dos docentes federais e entregar as&hellip;<\/p>\n","protected":false},"author":3,"featured_media":8286,"comment_status":"closed","ping_status":"closed","sticky":false,"template":"","format":"standard","meta":{"footnotes":""},"categories":[15,417],"tags":[95,432,437],"class_list":["post-8283","post","type-post","status-publish","format-standard","has-post-thumbnail","hentry","category-noticias","category-noticias-destaque","tag-assembleias","tag-campanha-salarial-2014","tag-greve-dos-servidores","category-15","category-417","description-off"],"_links":{"self":[{"href":"https:\/\/www.adufpb.org.br\/site\/wp-json\/wp\/v2\/posts\/8283","targetHints":{"allow":["GET"]}}],"collection":[{"href":"https:\/\/www.adufpb.org.br\/site\/wp-json\/wp\/v2\/posts"}],"about":[{"href":"https:\/\/www.adufpb.org.br\/site\/wp-json\/wp\/v2\/types\/post"}],"author":[{"embeddable":true,"href":"https:\/\/www.adufpb.org.br\/site\/wp-json\/wp\/v2\/users\/3"}],"replies":[{"embeddable":true,"href":"https:\/\/www.adufpb.org.br\/site\/wp-json\/wp\/v2\/comments?post=8283"}],"version-history":[{"count":13,"href":"https:\/\/www.adufpb.org.br\/site\/wp-json\/wp\/v2\/posts\/8283\/revisions"}],"predecessor-version":[{"id":8298,"href":"https:\/\/www.adufpb.org.br\/site\/wp-json\/wp\/v2\/posts\/8283\/revisions\/8298"}],"wp:featuredmedia":[{"embeddable":true,"href":"https:\/\/www.adufpb.org.br\/site\/wp-json\/wp\/v2\/media\/8286"}],"wp:attachment":[{"href":"https:\/\/www.adufpb.org.br\/site\/wp-json\/wp\/v2\/media?parent=8283"}],"wp:term":[{"taxonomy":"category","embeddable":true,"href":"https:\/\/www.adufpb.org.br\/site\/wp-json\/wp\/v2\/categories?post=8283"},{"taxonomy":"post_tag","embeddable":true,"href":"https:\/\/www.adufpb.org.br\/site\/wp-json\/wp\/v2\/tags?post=8283"}],"curies":[{"name":"wp","href":"https:\/\/api.w.org\/{rel}","templated":true}]}}