{"id":826,"date":"2009-12-21T14:32:09","date_gmt":"2009-12-21T18:32:09","guid":{"rendered":"http:\/\/www.adufpb.org.br\/site\/recesso\/"},"modified":"2009-12-21T14:32:09","modified_gmt":"2009-12-21T18:32:09","slug":"recesso","status":"publish","type":"post","link":"https:\/\/www.adufpb.org.br\/site\/recesso\/","title":{"rendered":"Recesso"},"content":{"rendered":"<p>Aos S\u00f3cios da ADUFPB,<br \/>\nDevido ao recesso de final de ano, a ADUFPB n\u00e3o funcionar\u00e1 do dia 21 de dezembro de 2009 a 03 de janeiro de 2010.<\/p>\n<p>Com votos de BOAS FESTAS, desejamos um FELIZ NATAL E PR\u00d3SPERO ANO NOVO.<\/p>\n<p>Diretores e Funcion\u00e1rios da ADUFPB<\/p>\n","protected":false},"excerpt":{"rendered":"<p>Aos S\u00f3cios da ADUFPB, Devido ao recesso de final de ano, a ADUFPB n\u00e3o funcionar\u00e1 do dia 21 de dezembro de 2009 a 03 de janeiro de 2010. Com votos de BOAS FESTAS, desejamos um FELIZ NATAL E PR\u00d3SPERO ANO NOVO. Diretores e Funcion\u00e1rios da ADUFPB<\/p>\n","protected":false},"author":1,"featured_media":0,"comment_status":"open","ping_status":"open","sticky":false,"template":"","format":"standard","meta":{"footnotes":""},"categories":[15],"tags":[],"class_list":["post-826","post","type-post","status-publish","format-standard","hentry","category-noticias","category-15","description-off"],"_links":{"self":[{"href":"https:\/\/www.adufpb.org.br\/site\/wp-json\/wp\/v2\/posts\/826","targetHints":{"allow":["GET"]}}],"collection":[{"href":"https:\/\/www.adufpb.org.br\/site\/wp-json\/wp\/v2\/posts"}],"about":[{"href":"https:\/\/www.adufpb.org.br\/site\/wp-json\/wp\/v2\/types\/post"}],"author":[{"embeddable":true,"href":"https:\/\/www.adufpb.org.br\/site\/wp-json\/wp\/v2\/users\/1"}],"replies":[{"embeddable":true,"href":"https:\/\/www.adufpb.org.br\/site\/wp-json\/wp\/v2\/comments?post=826"}],"version-history":[{"count":0,"href":"https:\/\/www.adufpb.org.br\/site\/wp-json\/wp\/v2\/posts\/826\/revisions"}],"wp:attachment":[{"href":"https:\/\/www.adufpb.org.br\/site\/wp-json\/wp\/v2\/media?parent=826"}],"wp:term":[{"taxonomy":"category","embeddable":true,"href":"https:\/\/www.adufpb.org.br\/site\/wp-json\/wp\/v2\/categories?post=826"},{"taxonomy":"post_tag","embeddable":true,"href":"https:\/\/www.adufpb.org.br\/site\/wp-json\/wp\/v2\/tags?post=826"}],"curies":[{"name":"wp","href":"https:\/\/api.w.org\/{rel}","templated":true}]}}