{"id":8249,"date":"2014-03-09T16:55:16","date_gmt":"2014-03-09T20:55:16","guid":{"rendered":"http:\/\/www.adufpb.org.br\/site\/?p=8249"},"modified":"2014-03-09T16:57:13","modified_gmt":"2014-03-09T20:57:13","slug":"sindicato-dos-professores-alerta-sobre-a-possibilidade-de-greve-para-este-ano-ed-2222014","status":"publish","type":"post","link":"https:\/\/www.adufpb.org.br\/site\/sindicato-dos-professores-alerta-sobre-a-possibilidade-de-greve-para-este-ano-ed-2222014\/","title":{"rendered":"Espa\u00e7o Experimental 22\/02\/2014 &#8211; Sindicato dos professores alerta sobre a possibilidade de greve para este ano"},"content":{"rendered":"<p>De 10 a 15 deste m\u00eas, em S\u00e3o Lu\u00eds do Maranh\u00e3o, aconteceu o congresso do Sindicato Nacional dos Docentes em Ensino Superior, o Andes. L\u00e1 n\u00e3o foi decidido greve, mas uma paraliza\u00e7\u00e3o nacional de um dia, em 19 de mar\u00e7o, em car\u00e1ter de advert\u00eancia. As reivindica\u00e7\u00f5es feitas durante a greve de 2012 n\u00e3o foram atendidas e os professores federais querem reiniciar as negocia\u00e7\u00f5es com o governo. Por sua vez, os servidores das universidades federais j\u00e1 anunciaram greve para o dia 17 de mar\u00e7o. Jaldes Menezes \u00e9 presidente do Sindicado dos Docentes da Universidade Federal da Para\u00edba, Aduf-PB. O rep\u00f3rter\u00a0<b>Rodolfo Oliveira<\/b>\u00a0conversou com ele sobre a possibilidade de greve dos professores.<\/p>\n<p><iframe src = 'http:\/\/www.radiotube.org.br\/audio_novo.php?a=3381GbqsxI6lb8RRFF6.mp3&#038;autor=RXNwYedvIEV4cGVyaW1lbnRhbA==' frameborder='0' style='overflow: hidden; width: 268px; height: 95px; background:transparent;' allowtransparency='true'><\/iframe><\/p>\n","protected":false},"excerpt":{"rendered":"<p>De 10 a 15 deste m\u00eas, em S\u00e3o Lu\u00eds do Maranh\u00e3o, aconteceu o congresso do Sindicato Nacional dos Docentes em Ensino Superior, o Andes. L\u00e1 n\u00e3o foi decidido greve, mas uma paraliza\u00e7\u00e3o nacional de um dia, em 19 de mar\u00e7o, em car\u00e1ter de advert\u00eancia. As reivindica\u00e7\u00f5es feitas durante a greve de 2012 n\u00e3o foram atendidas&hellip;<\/p>\n","protected":false},"author":1,"featured_media":0,"comment_status":"closed","ping_status":"closed","sticky":false,"template":"","format":"standard","meta":{"footnotes":""},"categories":[358],"tags":[],"class_list":["post-8249","post","type-post","status-publish","format-standard","hentry","category-audio","category-358","description-off"],"_links":{"self":[{"href":"https:\/\/www.adufpb.org.br\/site\/wp-json\/wp\/v2\/posts\/8249","targetHints":{"allow":["GET"]}}],"collection":[{"href":"https:\/\/www.adufpb.org.br\/site\/wp-json\/wp\/v2\/posts"}],"about":[{"href":"https:\/\/www.adufpb.org.br\/site\/wp-json\/wp\/v2\/types\/post"}],"author":[{"embeddable":true,"href":"https:\/\/www.adufpb.org.br\/site\/wp-json\/wp\/v2\/users\/1"}],"replies":[{"embeddable":true,"href":"https:\/\/www.adufpb.org.br\/site\/wp-json\/wp\/v2\/comments?post=8249"}],"version-history":[{"count":7,"href":"https:\/\/www.adufpb.org.br\/site\/wp-json\/wp\/v2\/posts\/8249\/revisions"}],"predecessor-version":[{"id":8256,"href":"https:\/\/www.adufpb.org.br\/site\/wp-json\/wp\/v2\/posts\/8249\/revisions\/8256"}],"wp:attachment":[{"href":"https:\/\/www.adufpb.org.br\/site\/wp-json\/wp\/v2\/media?parent=8249"}],"wp:term":[{"taxonomy":"category","embeddable":true,"href":"https:\/\/www.adufpb.org.br\/site\/wp-json\/wp\/v2\/categories?post=8249"},{"taxonomy":"post_tag","embeddable":true,"href":"https:\/\/www.adufpb.org.br\/site\/wp-json\/wp\/v2\/tags?post=8249"}],"curies":[{"name":"wp","href":"https:\/\/api.w.org\/{rel}","templated":true}]}}