{"id":8232,"date":"2014-03-06T16:51:10","date_gmt":"2014-03-06T20:51:10","guid":{"rendered":"http:\/\/www.adufpb.org.br\/site\/?p=8232"},"modified":"2014-03-13T08:05:08","modified_gmt":"2014-03-13T12:05:08","slug":"as-cartas-de-anayde-estara-em-cartaz-neste-sabado","status":"publish","type":"post","link":"https:\/\/www.adufpb.org.br\/site\/as-cartas-de-anayde-estara-em-cartaz-neste-sabado\/","title":{"rendered":"&#8220;As Cartas de Anayde&#8221; estar\u00e1 em cartaz neste s\u00e1bado"},"content":{"rendered":"<p>Em comemora\u00e7\u00e3o ao Dia Internacional da Mulher, o Grupo de Teatro da ADUFPB apresenta no pr\u00f3ximo s\u00e1bado (8\/3) a montagem &#8220;As Cartas de Anayde&#8221;. A dire\u00e7\u00e3o \u00e9 do professor Carlos Cartaxo e o texto \u00e9 de autoria do professor\u00a0de\u00a0filosofia e escritor Jos\u00e9 Fl\u00e1vio Silva, baseada no livro \u201cAnayde Beiriz \u2013 Panthera dos\u00a0olhos\u00a0dormentes\u201d\u00a0do m\u00e9dico e escritor Marcus Aranha. Ele fala de\u00a0uma\u00a0Anayde\u00a0intelectual, leitora, apaixonada, feminina e moderna, o que a fazia uma mulher al\u00e9m do seu tempo.<\/p>\n<p>A apresenta\u00e7\u00e3o ser\u00e1 a partir das 20h, na sede sociocultural da ADUFPB, localizada na rua Gilvan Muribeca, n. 88, no bairro do Cabo Branco (ao lado do Jangada Clube), em Jo\u00e3o Pessoa. A entrada \u00e9 gratuita. Nesta sexta-feira (7\/3), no mesmo local, haver\u00e1 tamb\u00e9m \u00e0s 20h um ensaio aberto ao p\u00fablico, com figurino, som e ilumina\u00e7\u00e3o.<\/p>\n<p>O elenco \u00e9 formado por Anadete Alves do Nascimento, Ananda Freitas, Georgina Furtado, Laura Sitcovsky, Paulo Medeiros, Sevi Faustino e Wagl\u00e2nia Freitas.<\/p>\n<p>A pe\u00e7a, assim como o livro, aborda a troca\u00a0de\u00a0correspond\u00eancia entre\u00a0Anayde\u00a0e o homem que foi verdadeiramente seu grande amor: o estudante\u00a0de\u00a0medicina Heriberto Paiva. O livro teve como fonte\u00a0de\u00a0pesquisa o pr\u00f3prio di\u00e1rio\u00a0de\u00a0Anayde, intitulado \u201cCartas\u00a0do meu grande amor \u2013 Dolorosas reminisc\u00eancias do sonho desfeito da minha mocidade\u201d, ao qual Marcus Aranha teve acesso e se inspirou para escrever sua obra. A fam\u00edlia\u00a0de\u00a0Anaydeautorizou a Aranha a publica\u00e7\u00e3o das\u00a0cartas. A partir do livro, Fl\u00e1vio Silva escreveu o mon\u00f3logo \u201cAs\u00a0Cartas\u00a0de\u00a0Anayde\u201d.<\/p>\n<p>A encena\u00e7\u00e3o \u00e9\u00a0de\u00a0Carlos Cartaxo que \u00e9\u00a0doutor em Artes Visuais e Educa\u00e7\u00e3o pela Universidade\u00a0de\u00a0Barcelona (2013). Mestre em Engenharia\u00a0de\u00a0Produ\u00e7\u00e3o pela Universidade Federal da Para\u00edba (1987). Especialista em Educa\u00e7\u00e3o Superior pela Universidade da Amaz\u00f4nia (1992). Possui gradua\u00e7\u00e3o em Engenharia Mec\u00e2nica pela UFPB (1983) e gradua\u00e7\u00e3o em Educa\u00e7\u00e3o Art\u00edstica tamb\u00e9m pela UFPB (1987).<\/p>\n<p>Atualmente \u00e9 professor efetivo da Universidade Federal da Para\u00edba. Tem experi\u00eancia na \u00e1rea\u00a0de\u00a0Artes, atuando principalmente nos seguintes temas: Artes C\u00eanicas, com dezenas\u00a0de\u00a0pe\u00e7as encenadas e como ator e autor teatral; Artes Visuais, com artigos, exposi\u00e7\u00f5es e cen\u00e1rios projetados; educa\u00e7\u00e3o, como professor do ensino fundamental, m\u00e9dio e superior.\u00a0Tem v\u00e1rios livros escritos, dentre eles, o romance \u201cA fam\u00edlia Canuto e a luta camponesa na Amaz\u00f4nia\u201d que foi agraciado com o Pr\u00eamio Jabuti\u00a0de\u00a0Literatura da C\u00e2mara Brasileira do Livro.<\/p>\n<p>Cartaxo buscou, nesse trabalho, uma narrativa que fortalece a po\u00e9tica no que concerne ao di\u00e1logo liter\u00e1rio entre Heriberto Paiva e\u00a0Anayde\u00a0Beiriz. O forte \u00e9 a carga dram\u00e1tica que as\u00a0cartas\u00a0conduzem. Todo trabalho\u00a0de\u00a0interpreta\u00e7\u00e3o foi constru\u00eddo a partir das met\u00e1foras e entrelinhas que a literatura produzida por\u00a0Anayde\u00a0e Heriberto transmitem.<\/p>\n<p>Segundo Carlos Cartaxo, \u201cencenar um texto cujo foco \u00e9\u00a0Anayde\u00a0\u00e9 abrir o debate em que a mulher se posiciona como elemento central na sociedade p\u00f3s-moderna\u201d. Ele afirma, ainda, que \u201ca\u00a0Anayde\u00a0que a pe\u00e7a aborda, n\u00e3o \u00e9 aquela que esteve no meio do conflito pol\u00edtico entre Jo\u00e3o Dantas e Jo\u00e3o Pessoa. Muito menos aquela que Tizuka Yamazaki trata, equivocadamente, no filme \u2018Parahyba mulher macho\u2019, como amante\u00a0de\u00a0Jo\u00e3o Dantas. Mas, a mulher \u00e0 frente\u00a0de\u00a0seu tempo na d\u00e9cada\u00a0de\u00a020 do s\u00e9culo passado, escritora e leitora \u00e1vida, intelectual que frequentava saraus po\u00e9ticos e foi apaixonada pelo estudante\u00a0de\u00a0medicina Heriberto Paiva. O rapaz estudava no Rio\u00a0de\u00a0Janeiro e ela morava em Parahyba do Norte. A dist\u00e2ncia fazia do namoro uma troca\u00a0de\u00a0cartas\u00a0de\u00a0amor, declara\u00e7\u00f5es e projetos\u00a0de\u00a0constru\u00e7\u00e3o familiar. Todavia, a intelectualidade que fazia par \u00e0 sensibilidade\u00a0de\u00a0Anayde, provocou o rompimento na rela\u00e7\u00e3o amorosa do casal.\u00a0A pe\u00e7a foca a mulher din\u00e2mica, professora, que rompia paradigmas at\u00e9 com seu corte\u00a0decabelo\u201d.<\/p>\n<p>O diretor da pe\u00e7a enfatiza tamb\u00e9m que essa \u00e9 a\u00a0Anayde\u00a0que poucos conhecem. \u201cEntretanto, deve-se foc\u00e1-la, reparando a hist\u00f3ria. Por isso o Grupo\u00a0de\u00a0Teatro da ADUFPB traz \u00e0 cena, uma mulher, professora e escritora que frequentava os c\u00edrculos liter\u00e1rios\u00a0devanguarda\u00a0de\u00a0Parahyba do Norte da d\u00e9cada\u00a0de\u00a020 do s\u00e9culo passado (hoje Jo\u00e3o Pessoa), que merece ser resgatada como um s\u00edmbolo intelectual do povo paraibano\u201d.<\/p>\n<p><em>Fonte: Ascom ADUFPB<\/em><\/p>\n","protected":false},"excerpt":{"rendered":"<p>Em comemora\u00e7\u00e3o ao Dia Internacional da Mulher, o Grupo de Teatro da ADUFPB apresenta no pr\u00f3ximo s\u00e1bado (8\/3) a montagem &#8220;As Cartas de Anayde&#8221;. A dire\u00e7\u00e3o \u00e9 do professor Carlos Cartaxo e o texto \u00e9 de autoria do professor\u00a0de\u00a0filosofia e escritor Jos\u00e9 Fl\u00e1vio Silva, baseada no livro \u201cAnayde Beiriz \u2013 Panthera dos\u00a0olhos\u00a0dormentes\u201d\u00a0do m\u00e9dico e escritor&hellip;<\/p>\n","protected":false},"author":3,"featured_media":6179,"comment_status":"closed","ping_status":"closed","sticky":false,"template":"","format":"standard","meta":{"footnotes":""},"categories":[15,417],"tags":[410,343,390],"class_list":["post-8232","post","type-post","status-publish","format-standard","has-post-thumbnail","hentry","category-noticias","category-noticias-destaque","tag-cultura","tag-grupo-de-teatro","tag-gt-cultura","category-15","category-417","description-off"],"_links":{"self":[{"href":"https:\/\/www.adufpb.org.br\/site\/wp-json\/wp\/v2\/posts\/8232","targetHints":{"allow":["GET"]}}],"collection":[{"href":"https:\/\/www.adufpb.org.br\/site\/wp-json\/wp\/v2\/posts"}],"about":[{"href":"https:\/\/www.adufpb.org.br\/site\/wp-json\/wp\/v2\/types\/post"}],"author":[{"embeddable":true,"href":"https:\/\/www.adufpb.org.br\/site\/wp-json\/wp\/v2\/users\/3"}],"replies":[{"embeddable":true,"href":"https:\/\/www.adufpb.org.br\/site\/wp-json\/wp\/v2\/comments?post=8232"}],"version-history":[{"count":3,"href":"https:\/\/www.adufpb.org.br\/site\/wp-json\/wp\/v2\/posts\/8232\/revisions"}],"predecessor-version":[{"id":8235,"href":"https:\/\/www.adufpb.org.br\/site\/wp-json\/wp\/v2\/posts\/8232\/revisions\/8235"}],"wp:featuredmedia":[{"embeddable":true,"href":"https:\/\/www.adufpb.org.br\/site\/wp-json\/wp\/v2\/media\/6179"}],"wp:attachment":[{"href":"https:\/\/www.adufpb.org.br\/site\/wp-json\/wp\/v2\/media?parent=8232"}],"wp:term":[{"taxonomy":"category","embeddable":true,"href":"https:\/\/www.adufpb.org.br\/site\/wp-json\/wp\/v2\/categories?post=8232"},{"taxonomy":"post_tag","embeddable":true,"href":"https:\/\/www.adufpb.org.br\/site\/wp-json\/wp\/v2\/tags?post=8232"}],"curies":[{"name":"wp","href":"https:\/\/api.w.org\/{rel}","templated":true}]}}