{"id":822,"date":"2009-12-15T15:16:44","date_gmt":"2009-12-15T19:16:44","guid":{"rendered":"http:\/\/www.adufpb.org.br\/site\/?p=822"},"modified":"2009-12-15T15:16:44","modified_gmt":"2009-12-15T19:16:44","slug":"revista-conceitos-e-lancada-em-cajazeiras","status":"publish","type":"post","link":"https:\/\/www.adufpb.org.br\/site\/revista-conceitos-e-lancada-em-cajazeiras\/","title":{"rendered":"Revista Conceitos \u00e9 lan\u00e7ada em Cajazeiras"},"content":{"rendered":"<p><img loading=\"lazy\" decoding=\"async\" class=\"alignleft size-medium wp-image-823\" title=\"Professora_de_Cajazeiras_Rev_Conceitos\" src=\"http:\/\/www.adufpb.org.br\/site\/wp-content\/uploads\/2009\/12\/Professora_de_Cajazeiras_Rev_Conceitos-300x190.jpg\" alt=\"Professora_de_Cajazeiras_Rev_Conceitos\" width=\"300\" height=\"190\" srcset=\"https:\/\/www.adufpb.org.br\/site\/wp-content\/uploads\/2009\/12\/Professora_de_Cajazeiras_Rev_Conceitos-300x190.jpg 300w, https:\/\/www.adufpb.org.br\/site\/wp-content\/uploads\/2009\/12\/Professora_de_Cajazeiras_Rev_Conceitos-1024x651.jpg 1024w, https:\/\/www.adufpb.org.br\/site\/wp-content\/uploads\/2009\/12\/Professora_de_Cajazeiras_Rev_Conceitos.jpg 1110w\" sizes=\"auto, (max-width: 300px) 100vw, 300px\" \/>A professora Raimunda de F\u00e1tima Neves Coelho realizou, no dia 30 de novembro, o lan\u00e7amento da Revista Conceitos, n\u00ba 15, de mar\u00e7o de 2009, durante a III Semana de Pedagogia na Universidade Federal de Campina Grande, campus de Cajazeiras, que aconteceu no per\u00edodo de 30\/11 a 3\/12.<\/p>\n<p>Na oportunidade, ela apresentou o texto \u201cA Pedagogia na Contemporaneidade: um estudo nas trilhas de Franco Cambi\u201d, texto de sua autoria, com a professora Ana Luisa Nogueira de Amorim e das alunas Cristina Gon\u00e7alves da Silva e Fabiana Alves In\u00e1cio. O lan\u00e7amento aconteceu no audit\u00f3rio C\u00f4nego Luis Gualberto, do CFP (Centro de Forma\u00e7\u00e3o de Professores).<\/p>\n<p>Durante o evento, a professora Raimundo de F\u00e1tima tamb\u00e9m realizou o lan\u00e7amento do livro \u201cRetratos sem retoques: identidades plurais\u201d, do Grupo de Estudo e Pesquisa em Pol\u00edticas e Pr\u00e1ticas Curriculares, do Centro de Educa\u00e7\u00e3o da UFPB. A publica\u00e7\u00e3o \u00e9 organizada pelas professoras Zuleide Pereira e Edilene Silva.<\/p>\n","protected":false},"excerpt":{"rendered":"<p>A professora Raimunda de F\u00e1tima Neves Coelho realizou, no dia 30 de novembro, o lan\u00e7amento da Revista Conceitos, n\u00ba 15, de mar\u00e7o de 2009, durante a III Semana de Pedagogia na Universidade Federal de Campina Grande, campus de Cajazeiras, que aconteceu no per\u00edodo de 30\/11 a 3\/12. Na oportunidade, ela apresentou o texto \u201cA Pedagogia&hellip;<\/p>\n","protected":false},"author":3,"featured_media":0,"comment_status":"open","ping_status":"open","sticky":false,"template":"","format":"standard","meta":{"footnotes":""},"categories":[15],"tags":[62],"class_list":["post-822","post","type-post","status-publish","format-standard","hentry","category-noticias","tag-revista-conceitos","category-15","description-off"],"_links":{"self":[{"href":"https:\/\/www.adufpb.org.br\/site\/wp-json\/wp\/v2\/posts\/822","targetHints":{"allow":["GET"]}}],"collection":[{"href":"https:\/\/www.adufpb.org.br\/site\/wp-json\/wp\/v2\/posts"}],"about":[{"href":"https:\/\/www.adufpb.org.br\/site\/wp-json\/wp\/v2\/types\/post"}],"author":[{"embeddable":true,"href":"https:\/\/www.adufpb.org.br\/site\/wp-json\/wp\/v2\/users\/3"}],"replies":[{"embeddable":true,"href":"https:\/\/www.adufpb.org.br\/site\/wp-json\/wp\/v2\/comments?post=822"}],"version-history":[{"count":1,"href":"https:\/\/www.adufpb.org.br\/site\/wp-json\/wp\/v2\/posts\/822\/revisions"}],"predecessor-version":[{"id":824,"href":"https:\/\/www.adufpb.org.br\/site\/wp-json\/wp\/v2\/posts\/822\/revisions\/824"}],"wp:attachment":[{"href":"https:\/\/www.adufpb.org.br\/site\/wp-json\/wp\/v2\/media?parent=822"}],"wp:term":[{"taxonomy":"category","embeddable":true,"href":"https:\/\/www.adufpb.org.br\/site\/wp-json\/wp\/v2\/categories?post=822"},{"taxonomy":"post_tag","embeddable":true,"href":"https:\/\/www.adufpb.org.br\/site\/wp-json\/wp\/v2\/tags?post=822"}],"curies":[{"name":"wp","href":"https:\/\/api.w.org\/{rel}","templated":true}]}}