{"id":8204,"date":"2014-02-28T11:23:38","date_gmt":"2014-02-28T15:23:38","guid":{"rendered":"http:\/\/www.adufpb.org.br\/site\/?p=8204"},"modified":"2014-02-28T11:23:38","modified_gmt":"2014-02-28T15:23:38","slug":"nota-de-pesar-33","status":"publish","type":"post","link":"https:\/\/www.adufpb.org.br\/site\/nota-de-pesar-33\/","title":{"rendered":"NOTA DE PESAR"},"content":{"rendered":"<p style=\"text-align: center;\"><a href=\"http:\/\/www.adufpb.org.br\/site\/wp-content\/uploads\/2014\/02\/jos\u00e9-ronaldo-de-almeida-ferreira.jpg\"><img loading=\"lazy\" decoding=\"async\" class=\"aligncenter size-medium wp-image-8205\" alt=\"jos\u00e9 ronaldo de almeida ferreira\" src=\"http:\/\/www.adufpb.org.br\/site\/wp-content\/uploads\/2014\/02\/jos\u00e9-ronaldo-de-almeida-ferreira-300x248.jpg\" width=\"300\" height=\"248\" srcset=\"https:\/\/www.adufpb.org.br\/site\/wp-content\/uploads\/2014\/02\/jos\u00e9-ronaldo-de-almeida-ferreira-300x248.jpg 300w, https:\/\/www.adufpb.org.br\/site\/wp-content\/uploads\/2014\/02\/jos\u00e9-ronaldo-de-almeida-ferreira.jpg 411w\" sizes=\"auto, (max-width: 300px) 100vw, 300px\" \/><\/a><\/p>\n<p><span style=\"font-size: large;\">A ADUFPB vem a p\u00fablico manifestar o seu profundo pesar pelo falecimento, do professor JOS\u00c9 RONALDO DE ALMEIDA FERREIRA.<\/span><\/p>\n<p><span style=\"font-size: large;\">Jos\u00e9 Ronaldo era professor da disciplina de Endodontia do Departamento de Odontologia Restauradora do Centro de Ci\u00eancias da Sa\u00fade (CCS), da Universidade Federal da Para\u00edba e sindicalizado da ADUFPB.<\/span><\/p>\n<p><span style=\"font-size: large;\">Aos membros da fam\u00edlia e amigos, nossos p\u00easames.<\/span><\/p>\n<p style=\"text-align: center;\"><span style=\"font-size: large;\">Jo\u00e3o Pessoa, 28 de fevereiro de 2014.<\/span><\/p>\n<p style=\"text-align: center;\"><span style=\"font-size: large;\">Diretoria Executiva da ADUFPB<\/span><\/p>\n","protected":false},"excerpt":{"rendered":"<p>A ADUFPB vem a p\u00fablico manifestar o seu profundo pesar pelo falecimento, do professor JOS\u00c9 RONALDO DE ALMEIDA FERREIRA. Jos\u00e9 Ronaldo era professor da disciplina de Endodontia do Departamento de Odontologia Restauradora do Centro de Ci\u00eancias da Sa\u00fade (CCS), da Universidade Federal da Para\u00edba e sindicalizado da ADUFPB. Aos membros da fam\u00edlia e amigos, nossos&hellip;<\/p>\n","protected":false},"author":3,"featured_media":0,"comment_status":"closed","ping_status":"closed","sticky":false,"template":"","format":"standard","meta":{"footnotes":""},"categories":[15],"tags":[],"class_list":["post-8204","post","type-post","status-publish","format-standard","hentry","category-noticias","category-15","description-off"],"_links":{"self":[{"href":"https:\/\/www.adufpb.org.br\/site\/wp-json\/wp\/v2\/posts\/8204","targetHints":{"allow":["GET"]}}],"collection":[{"href":"https:\/\/www.adufpb.org.br\/site\/wp-json\/wp\/v2\/posts"}],"about":[{"href":"https:\/\/www.adufpb.org.br\/site\/wp-json\/wp\/v2\/types\/post"}],"author":[{"embeddable":true,"href":"https:\/\/www.adufpb.org.br\/site\/wp-json\/wp\/v2\/users\/3"}],"replies":[{"embeddable":true,"href":"https:\/\/www.adufpb.org.br\/site\/wp-json\/wp\/v2\/comments?post=8204"}],"version-history":[{"count":1,"href":"https:\/\/www.adufpb.org.br\/site\/wp-json\/wp\/v2\/posts\/8204\/revisions"}],"predecessor-version":[{"id":8206,"href":"https:\/\/www.adufpb.org.br\/site\/wp-json\/wp\/v2\/posts\/8204\/revisions\/8206"}],"wp:attachment":[{"href":"https:\/\/www.adufpb.org.br\/site\/wp-json\/wp\/v2\/media?parent=8204"}],"wp:term":[{"taxonomy":"category","embeddable":true,"href":"https:\/\/www.adufpb.org.br\/site\/wp-json\/wp\/v2\/categories?post=8204"},{"taxonomy":"post_tag","embeddable":true,"href":"https:\/\/www.adufpb.org.br\/site\/wp-json\/wp\/v2\/tags?post=8204"}],"curies":[{"name":"wp","href":"https:\/\/api.w.org\/{rel}","templated":true}]}}