{"id":8200,"date":"2014-02-26T23:32:54","date_gmt":"2014-02-27T03:32:54","guid":{"rendered":"http:\/\/www.adufpb.org.br\/site\/?p=8200"},"modified":"2014-02-26T23:32:54","modified_gmt":"2014-02-27T03:32:54","slug":"alunos-protestam-por-melhorias-na-residencia-universitaria-da-ufpb","status":"publish","type":"post","link":"https:\/\/www.adufpb.org.br\/site\/alunos-protestam-por-melhorias-na-residencia-universitaria-da-ufpb\/","title":{"rendered":"Alunos protestam por melhorias na resid\u00eancia universit\u00e1ria da UFPB"},"content":{"rendered":"<p><em>Fonte: G1 Para\u00edba<\/em><\/p>\n<p>Um protesto foi realizado por estudantes da Universidade Federal da Para\u00edba moradores das resid\u00eancias universit\u00e1rias do campus I de Jo\u00e3o Pessoa, na manh\u00e3 de ter\u00e7a-feira (25) dentro da pr\u00f3pria institui\u00e7\u00e3o de ensino. Os estudantes reivindicavam melhores condi\u00e7\u00f5es de moradias e mais assist\u00eancia.<\/p>\n<p>Segundo um dos coordenadores das resid\u00eancias universit\u00e1rias, C\u00edcero Carneiro, o estopim do movimento foi a chegada de apenas trinta e cinco colch\u00f5es quando existem pelo menos setenta e cinco novos moradores que est\u00e3o dormindo em p\u00e9ssima condi\u00e7\u00f5es, as vezes apenas em colchonetes doados por amigos. Ap\u00f3s essa situa\u00e7\u00e3o os estudantes resolveram realizar o protesto com cartazes e faixas durante o conselho universit\u00e1rio que re\u00fane a administra\u00e7\u00e3o da universidade e a reitora.<\/p>\n<p>\u201cN\u00f3s estamos sofrendo com a falta de assist\u00eancia e condi\u00e7\u00f5es de moradia, reivindicamos a troca e envio de novos colch\u00f5es, melhorias na infraestrutura no local que conserva nossos alimentos, a quadra de esportes est\u00e1 prec\u00e1ria e as bibliotecas est\u00e3o caindo as peda\u00e7os\u201c, desabafou C\u00edcero.<\/p>\n<p>De acordo com a reitora Margareth Diniz, os estudantes apresentaram as suas pautas e junto com a administra\u00e7\u00e3o foi realizada uma avalia\u00e7\u00e3o onde foi verificado que os problemas citados s\u00e3o antigos com mais de oito anos, por\u00e9m um cronograma de assist\u00eancia foi criado e em trinta dias estaremos dialogando novamente.<\/p>\n<p>\u201cA luta \u00e9 justa, eles tem que reivindicar mesmo os seus direitos, e n\u00f3s queremos dar o m\u00ednimo de assist\u00eancia para quem chega a nossa institui\u00e7\u00e3o, e para isto tamb\u00e9m estamos criando um centro de refer\u00eancia e aten\u00e7\u00e3o a sa\u00fade\u201d, explicou Margareth.<\/p>\n<p>Para os estudantes a luta continua e eles ainda est\u00e3o dispostos a realizar novas manifesta\u00e7\u00f5es se for necess\u00e1rio em busca de seus direitos. \u201cSe nada mudar, vamos protestar de novo\u201d, disse C\u00edcero Carneiro.<\/p>\n","protected":false},"excerpt":{"rendered":"<p>Fonte: G1 Para\u00edba Um protesto foi realizado por estudantes da Universidade Federal da Para\u00edba moradores das resid\u00eancias universit\u00e1rias do campus I de Jo\u00e3o Pessoa, na manh\u00e3 de ter\u00e7a-feira (25) dentro da pr\u00f3pria institui\u00e7\u00e3o de ensino. Os estudantes reivindicavam melhores condi\u00e7\u00f5es de moradias e mais assist\u00eancia. Segundo um dos coordenadores das resid\u00eancias universit\u00e1rias, C\u00edcero Carneiro, o&hellip;<\/p>\n","protected":false},"author":3,"featured_media":0,"comment_status":"open","ping_status":"open","sticky":false,"template":"","format":"standard","meta":{"footnotes":""},"categories":[15],"tags":[],"class_list":["post-8200","post","type-post","status-publish","format-standard","hentry","category-noticias","category-15","description-off"],"_links":{"self":[{"href":"https:\/\/www.adufpb.org.br\/site\/wp-json\/wp\/v2\/posts\/8200","targetHints":{"allow":["GET"]}}],"collection":[{"href":"https:\/\/www.adufpb.org.br\/site\/wp-json\/wp\/v2\/posts"}],"about":[{"href":"https:\/\/www.adufpb.org.br\/site\/wp-json\/wp\/v2\/types\/post"}],"author":[{"embeddable":true,"href":"https:\/\/www.adufpb.org.br\/site\/wp-json\/wp\/v2\/users\/3"}],"replies":[{"embeddable":true,"href":"https:\/\/www.adufpb.org.br\/site\/wp-json\/wp\/v2\/comments?post=8200"}],"version-history":[{"count":2,"href":"https:\/\/www.adufpb.org.br\/site\/wp-json\/wp\/v2\/posts\/8200\/revisions"}],"predecessor-version":[{"id":8202,"href":"https:\/\/www.adufpb.org.br\/site\/wp-json\/wp\/v2\/posts\/8200\/revisions\/8202"}],"wp:attachment":[{"href":"https:\/\/www.adufpb.org.br\/site\/wp-json\/wp\/v2\/media?parent=8200"}],"wp:term":[{"taxonomy":"category","embeddable":true,"href":"https:\/\/www.adufpb.org.br\/site\/wp-json\/wp\/v2\/categories?post=8200"},{"taxonomy":"post_tag","embeddable":true,"href":"https:\/\/www.adufpb.org.br\/site\/wp-json\/wp\/v2\/tags?post=8200"}],"curies":[{"name":"wp","href":"https:\/\/api.w.org\/{rel}","templated":true}]}}