{"id":8160,"date":"2014-02-25T14:37:28","date_gmt":"2014-02-25T18:37:28","guid":{"rendered":"http:\/\/www.adufpb.org.br\/site\/?p=8160"},"modified":"2014-02-25T15:11:53","modified_gmt":"2014-02-25T19:11:53","slug":"adufpb-realiza-reuniao-para-discutir-carreira-ebtt","status":"publish","type":"post","link":"https:\/\/www.adufpb.org.br\/site\/adufpb-realiza-reuniao-para-discutir-carreira-ebtt\/","title":{"rendered":"ADUFPB realiza reuni\u00e3o para discutir carreira EBTT"},"content":{"rendered":"<p>Aos professores(as) do EBTT\/UFPB,<\/p>\n<p>Vimos, pelo presente, convidar os(as) professores(as) do Ensino B\u00e1sico, T\u00e9cnico e Tecnol\u00f3gico (EBTT) para uma reuni\u00e3o no pr\u00f3ximo dia 07\/03\/14 (sexta-feira), \u00e0s 14 horas, na sede da ADUFPB (Centro de Viv\u00eancia\/UFPB). Na pauta a discuss\u00e3o sobre Carreira EBTT (RSC e Titular).<\/p>\n<p>Certos de contar com a imprescindivel presen\u00e7a dos professores(as) do EBTT,<\/p>\n<p>Atenciosamente,<\/p>\n<p>Carlos Jos\u00e9 Cartaxo<\/p>\n<p>Diretor de Cultura<\/p>\n","protected":false},"excerpt":{"rendered":"<p>Aos professores(as) do EBTT\/UFPB, Vimos, pelo presente, convidar os(as) professores(as) do Ensino B\u00e1sico, T\u00e9cnico e Tecnol\u00f3gico (EBTT) para uma reuni\u00e3o no pr\u00f3ximo dia 07\/03\/14 (sexta-feira), \u00e0s 14 horas, na sede da ADUFPB (Centro de Viv\u00eancia\/UFPB). Na pauta a discuss\u00e3o sobre Carreira EBTT (RSC e Titular). Certos de contar com a imprescindivel presen\u00e7a dos professores(as) do&hellip;<\/p>\n","protected":false},"author":3,"featured_media":0,"comment_status":"open","ping_status":"open","sticky":false,"template":"","format":"standard","meta":{"footnotes":""},"categories":[417],"tags":[],"class_list":["post-8160","post","type-post","status-publish","format-standard","hentry","category-noticias-destaque","category-417","description-off"],"_links":{"self":[{"href":"https:\/\/www.adufpb.org.br\/site\/wp-json\/wp\/v2\/posts\/8160","targetHints":{"allow":["GET"]}}],"collection":[{"href":"https:\/\/www.adufpb.org.br\/site\/wp-json\/wp\/v2\/posts"}],"about":[{"href":"https:\/\/www.adufpb.org.br\/site\/wp-json\/wp\/v2\/types\/post"}],"author":[{"embeddable":true,"href":"https:\/\/www.adufpb.org.br\/site\/wp-json\/wp\/v2\/users\/3"}],"replies":[{"embeddable":true,"href":"https:\/\/www.adufpb.org.br\/site\/wp-json\/wp\/v2\/comments?post=8160"}],"version-history":[{"count":1,"href":"https:\/\/www.adufpb.org.br\/site\/wp-json\/wp\/v2\/posts\/8160\/revisions"}],"predecessor-version":[{"id":8161,"href":"https:\/\/www.adufpb.org.br\/site\/wp-json\/wp\/v2\/posts\/8160\/revisions\/8161"}],"wp:attachment":[{"href":"https:\/\/www.adufpb.org.br\/site\/wp-json\/wp\/v2\/media?parent=8160"}],"wp:term":[{"taxonomy":"category","embeddable":true,"href":"https:\/\/www.adufpb.org.br\/site\/wp-json\/wp\/v2\/categories?post=8160"},{"taxonomy":"post_tag","embeddable":true,"href":"https:\/\/www.adufpb.org.br\/site\/wp-json\/wp\/v2\/tags?post=8160"}],"curies":[{"name":"wp","href":"https:\/\/api.w.org\/{rel}","templated":true}]}}