{"id":8130,"date":"2014-02-15T13:29:40","date_gmt":"2014-02-15T17:29:40","guid":{"rendered":"http:\/\/www.adufpb.org.br\/site\/?p=8130"},"modified":"2014-02-21T13:30:49","modified_gmt":"2014-02-21T17:30:49","slug":"eleicao-do-andes-sn-para-o-proximo-bienio-tera-chapa-unica","status":"publish","type":"post","link":"https:\/\/www.adufpb.org.br\/site\/eleicao-do-andes-sn-para-o-proximo-bienio-tera-chapa-unica\/","title":{"rendered":"Elei\u00e7\u00e3o do ANDES-SN para o pr\u00f3ximo bi\u00eanio ter\u00e1 chapa \u00fanica"},"content":{"rendered":"<p><img loading=\"lazy\" decoding=\"async\" class=\"alignleft size-medium wp-image-8131\" alt=\"chapa-unica-elei\u00e7\u00f5es-andes\" src=\"http:\/\/www.adufpb.org.br\/site\/wp-content\/uploads\/2014\/02\/chapa-unica-elei\u00e7\u00f5es-andes-300x155.jpg\" width=\"300\" height=\"155\" srcset=\"https:\/\/www.adufpb.org.br\/site\/wp-content\/uploads\/2014\/02\/chapa-unica-elei\u00e7\u00f5es-andes-300x155.jpg 300w, https:\/\/www.adufpb.org.br\/site\/wp-content\/uploads\/2014\/02\/chapa-unica-elei\u00e7\u00f5es-andes.jpg 500w\" sizes=\"auto, (max-width: 300px) 100vw, 300px\" \/>A inscri\u00e7\u00e3o de uma \u00fanica chapa para participar do processo eleitoral da nova diretoria do ANDES-SN, para gest\u00e3o do bi\u00eanio 2014\/2016, foi confirmada no final da tarde de sexta-feira (14), no 33\u00ba Congresso do Sindicato Nacional, durante a plen\u00e1ria do tema 4 \u2013 Quest\u00f5es Organizativas e Financeiras.<\/p>\n<p>A chapa \u201cANDES-SN de luta e pela base\u201d tem como candidatos a presidente, Paulo Rizzo, da Se\u00e7\u00e3o Sindical da UFSC, secret\u00e1ria-geral, Claudia March, da Aduff Se\u00e7\u00e3o Sindical, e tesoureiro, Amauri Fragoso, da Adufcg Se\u00e7\u00e3o Sindical. Os demais nomes que comp\u00f5em a chapa ser\u00e3o apresentados posteriormente.<\/p>\n<p>As elei\u00e7\u00f5es devem ocorrer, por vota\u00e7\u00e3o direta e secreta em todo o Brasil, nos dias 13 e 14 de maio.<\/p>\n<p>Fonte: ANDES-SN<\/p>\n","protected":false},"excerpt":{"rendered":"<p>A inscri\u00e7\u00e3o de uma \u00fanica chapa para participar do processo eleitoral da nova diretoria do ANDES-SN, para gest\u00e3o do bi\u00eanio 2014\/2016, foi confirmada no final da tarde de sexta-feira (14), no 33\u00ba Congresso do Sindicato Nacional, durante a plen\u00e1ria do tema 4 \u2013 Quest\u00f5es Organizativas e Financeiras. A chapa \u201cANDES-SN de luta e pela base\u201d&hellip;<\/p>\n","protected":false},"author":1,"featured_media":0,"comment_status":"open","ping_status":"open","sticky":false,"template":"","format":"standard","meta":{"footnotes":""},"categories":[15],"tags":[],"class_list":["post-8130","post","type-post","status-publish","format-standard","hentry","category-noticias","category-15","description-off"],"_links":{"self":[{"href":"https:\/\/www.adufpb.org.br\/site\/wp-json\/wp\/v2\/posts\/8130","targetHints":{"allow":["GET"]}}],"collection":[{"href":"https:\/\/www.adufpb.org.br\/site\/wp-json\/wp\/v2\/posts"}],"about":[{"href":"https:\/\/www.adufpb.org.br\/site\/wp-json\/wp\/v2\/types\/post"}],"author":[{"embeddable":true,"href":"https:\/\/www.adufpb.org.br\/site\/wp-json\/wp\/v2\/users\/1"}],"replies":[{"embeddable":true,"href":"https:\/\/www.adufpb.org.br\/site\/wp-json\/wp\/v2\/comments?post=8130"}],"version-history":[{"count":1,"href":"https:\/\/www.adufpb.org.br\/site\/wp-json\/wp\/v2\/posts\/8130\/revisions"}],"predecessor-version":[{"id":8132,"href":"https:\/\/www.adufpb.org.br\/site\/wp-json\/wp\/v2\/posts\/8130\/revisions\/8132"}],"wp:attachment":[{"href":"https:\/\/www.adufpb.org.br\/site\/wp-json\/wp\/v2\/media?parent=8130"}],"wp:term":[{"taxonomy":"category","embeddable":true,"href":"https:\/\/www.adufpb.org.br\/site\/wp-json\/wp\/v2\/categories?post=8130"},{"taxonomy":"post_tag","embeddable":true,"href":"https:\/\/www.adufpb.org.br\/site\/wp-json\/wp\/v2\/tags?post=8130"}],"curies":[{"name":"wp","href":"https:\/\/api.w.org\/{rel}","templated":true}]}}