{"id":8122,"date":"2014-02-13T13:25:14","date_gmt":"2014-02-13T17:25:14","guid":{"rendered":"http:\/\/www.adufpb.org.br\/site\/?p=8122"},"modified":"2014-02-21T13:25:40","modified_gmt":"2014-02-21T17:25:40","slug":"sede-da-adufpb-estara-fechada-nesta-sexta-feira","status":"publish","type":"post","link":"https:\/\/www.adufpb.org.br\/site\/sede-da-adufpb-estara-fechada-nesta-sexta-feira\/","title":{"rendered":"Sede da ADUFPB estar\u00e1 fechada nesta sexta-feira"},"content":{"rendered":"<p>COMUNICADO<\/p>\n<p>Em fun\u00e7\u00e3o da reforma que est\u00e1 sendo executada na ADUFPB (Centro de Viv\u00eancia\/UFPB) comunicamos que a mesma<strong>\u00a0estar\u00e1 fechada nesta sexta-feira (14\/02\/14).<\/strong><\/p>\n<p>Agradecemos a compreens\u00e3o. Tenham todos um excelente fim de semana.<\/p>\n<p>Diretoria Executiva<\/p>\n","protected":false},"excerpt":{"rendered":"<p>COMUNICADO Em fun\u00e7\u00e3o da reforma que est\u00e1 sendo executada na ADUFPB (Centro de Viv\u00eancia\/UFPB) comunicamos que a mesma\u00a0estar\u00e1 fechada nesta sexta-feira (14\/02\/14). Agradecemos a compreens\u00e3o. Tenham todos um excelente fim de semana. Diretoria Executiva<\/p>\n","protected":false},"author":1,"featured_media":0,"comment_status":"open","ping_status":"open","sticky":false,"template":"","format":"standard","meta":{"footnotes":""},"categories":[15],"tags":[],"class_list":["post-8122","post","type-post","status-publish","format-standard","hentry","category-noticias","category-15","description-off"],"_links":{"self":[{"href":"https:\/\/www.adufpb.org.br\/site\/wp-json\/wp\/v2\/posts\/8122","targetHints":{"allow":["GET"]}}],"collection":[{"href":"https:\/\/www.adufpb.org.br\/site\/wp-json\/wp\/v2\/posts"}],"about":[{"href":"https:\/\/www.adufpb.org.br\/site\/wp-json\/wp\/v2\/types\/post"}],"author":[{"embeddable":true,"href":"https:\/\/www.adufpb.org.br\/site\/wp-json\/wp\/v2\/users\/1"}],"replies":[{"embeddable":true,"href":"https:\/\/www.adufpb.org.br\/site\/wp-json\/wp\/v2\/comments?post=8122"}],"version-history":[{"count":1,"href":"https:\/\/www.adufpb.org.br\/site\/wp-json\/wp\/v2\/posts\/8122\/revisions"}],"predecessor-version":[{"id":8123,"href":"https:\/\/www.adufpb.org.br\/site\/wp-json\/wp\/v2\/posts\/8122\/revisions\/8123"}],"wp:attachment":[{"href":"https:\/\/www.adufpb.org.br\/site\/wp-json\/wp\/v2\/media?parent=8122"}],"wp:term":[{"taxonomy":"category","embeddable":true,"href":"https:\/\/www.adufpb.org.br\/site\/wp-json\/wp\/v2\/categories?post=8122"},{"taxonomy":"post_tag","embeddable":true,"href":"https:\/\/www.adufpb.org.br\/site\/wp-json\/wp\/v2\/tags?post=8122"}],"curies":[{"name":"wp","href":"https:\/\/api.w.org\/{rel}","templated":true}]}}