{"id":8091,"date":"2014-02-10T11:39:18","date_gmt":"2014-02-10T15:39:18","guid":{"rendered":"http:\/\/www.adufpb.org.br\/site\/?p=8091"},"modified":"2014-02-21T11:40:34","modified_gmt":"2014-02-21T15:40:34","slug":"em-reuniao-ampliada-servidores-apontam-novo-ato-unificado-para-marco","status":"publish","type":"post","link":"https:\/\/www.adufpb.org.br\/site\/em-reuniao-ampliada-servidores-apontam-novo-ato-unificado-para-marco\/","title":{"rendered":"Em reuni\u00e3o ampliada, servidores apontam novo ato unificado para mar\u00e7o"},"content":{"rendered":"<p><em>Representantes de v\u00e1rias entidades de todo o pa\u00eds que participaram da Reuni\u00e3o Ampliada do F\u00f3rum dos SPF em Bras\u00edlia, nesta sexta-feira (7), apontam a necessidade de constru\u00e7\u00e3o da greve unificada como instrumento para pressionar o governo a atender as reivindica\u00e7\u00f5es da categoria<\/em><\/p>\n<p><img loading=\"lazy\" decoding=\"async\" class=\"alignleft size-medium wp-image-8092\" alt=\"reuni\u00e3o-ampliada-do-forum-dos-SPF-07.02.2014\" src=\"http:\/\/www.adufpb.org.br\/site\/wp-content\/uploads\/2014\/02\/reuni\u00e3o-ampliada-do-forum-dos-SPF-07.02.2014-300x225.jpg\" width=\"300\" height=\"225\" srcset=\"https:\/\/www.adufpb.org.br\/site\/wp-content\/uploads\/2014\/02\/reuni\u00e3o-ampliada-do-forum-dos-SPF-07.02.2014-300x225.jpg 300w, https:\/\/www.adufpb.org.br\/site\/wp-content\/uploads\/2014\/02\/reuni\u00e3o-ampliada-do-forum-dos-SPF-07.02.2014.jpg 400w\" sizes=\"auto, (max-width: 300px) 100vw, 300px\" \/>A import\u00e2ncia da mobiliza\u00e7\u00e3o, da integra\u00e7\u00e3o e da unifica\u00e7\u00e3o das entidades que representam os servidores p\u00fablicos federais (SPF) de todo o pa\u00eds como forma de pressionar e exigir do governo o atendimento da pauta que comp\u00f5e a Campanha Unificada de 2014, al\u00e9m das pautas espec\u00edficas de cada setor, foi ressaltada durante a reuni\u00e3o ampliada do F\u00f3rum Nacional das Entidades dos Servidores P\u00fablicos Federais (SPF), realizada na manh\u00e3 da \u00faltima sexta-feira (7), em Bras\u00edlia. O audit\u00f3rio do Sindsep-DF, local da reuni\u00e3o, permaneceu lotado.<\/p>\n<p>Entre as respostas de encaminhamentos est\u00e1 a realiza\u00e7\u00e3o de uma atividade unificada nacional em mar\u00e7o, com data prevista para dia 19, e a possibilidade de a atividade se tornar uma marcha (quest\u00f5es que ser\u00e3o definidas na pr\u00f3xima reuni\u00e3o do F\u00f3rum dos SPF); a manuten\u00e7\u00e3o da indica\u00e7\u00e3o do in\u00edcio da greve para a segunda quinzena de mar\u00e7o, e a elabora\u00e7\u00e3o de tr\u00eas mo\u00e7\u00f5es de apoio: \u00e0 greve dos rodovi\u00e1rios em Porto Alegre, \u00e0 greve dos servidores da sa\u00fade do Rio de Janeiro; e \u00e0 greve dos trabalhadores dos Correios.<\/p>\n<p>Representantes de dezenas de entidades que comp\u00f5em f\u00f3rum participaram da reuni\u00e3o, que fez uma avalia\u00e7\u00e3o das atividades do calend\u00e1rio de lutas j\u00e1 realizadas, como o lan\u00e7amento nacional e nos estados da Campanha, nos dias 5 de fevereiro e 22 de janeiro, respectivamente; e o semin\u00e1rio da Auditoria Cidad\u00e3 da D\u00edvida, na quinta-feira (6) \u2013, al\u00e9m de discutir o prosseguimento das atividades. Apesar de n\u00e3o ter car\u00e1ter deliberativo e das pequenas pol\u00eamicas que surgiram durante as falas em rela\u00e7\u00e3o \u00e0 mobiliza\u00e7\u00e3o e a constru\u00e7\u00e3o da greve, n\u00e3o houve posi\u00e7\u00e3o contr\u00e1ria \u00e0 paralisa\u00e7\u00e3o.<\/p>\n<p>Durante as falas, os participantes apontaram a greve como o instrumento da classe trabalhadora para garantir conquistas para o movimento. \u201cA Reuni\u00e3o foi positiva na medida em que todos se manifestaram pela unidade dos servidores p\u00fablicos federais e sobre a necessidade de construir a luta unificada neste primeiro semestre de 2014. Todos se mostraram comprometidos em discutir a necessidade e constru\u00e7\u00e3o da greve unificada dos SPF, que pode ter in\u00edcio no fim de mar\u00e7o ou no in\u00edcio de abril. O ANDES-SN estar\u00e1 no seu 33\u00ba Congresso, que ser\u00e1 realizado entre 10 e 14 de fevereiro, em S\u00e3o Lu\u00eds, discutindo o plano de lutas para 2014, e dever\u00e1 aprovar a forma de sua unifica\u00e7\u00e3o com os servidores p\u00fablicos federais, e o seu calend\u00e1rio pr\u00f3prio articulado com os servidores como um todo\u201d, explica o 2\u00ba secret\u00e1rio do ANDES-SN, Paulo Rizzo.<\/p>\n<p>O diretor do Sindicato Nacional avalia ainda que a reuni\u00e3o foi bastante expressiva, com representa\u00e7\u00f5es de v\u00e1rias bases de entidades de todo o pa\u00eds que estavam presentes e participaram das atividades em Bras\u00edlia, previstas no calend\u00e1rio dos SPF. \u201cAlgumas entidades, como a Fasubra, ainda t\u00eam plen\u00e1ria neste fim de semana para discutir os encaminhamentos do indicativo de greve. Outras j\u00e1 t\u00eam indicativo, como a Condsef e o Sinasefe\u201d, contextualiza Rizzo. Os representantes das entidades nacionais fizeram informes sobre como as a\u00e7\u00f5es t\u00eam sido organizadas jun to \u00e0s bases e divulgaram seus calend\u00e1rios de atividades para os pr\u00f3ximos meses.<\/p>\n<p><strong>AVALIA\u00c7\u00c3O<\/strong><\/p>\n<p>Para o coordenador da CSP-Conlutas, Paulo Barela, o movimento obteve importantes conquistas no ato do \u00faltimo dia 5. A press\u00e3o dos servidores, presentes no ato em frente ao Bloco K, resultou em reuni\u00e3o entre dirigentes de 10 entidades e das tr\u00eas centrais sindicais que comp\u00f5em o f\u00f3rum e o chefe de gabinete da Secretaria-Executiva do Planejamento, Andr\u00e9 Bucar, al\u00e9m do secret\u00e1rio de Rela\u00e7\u00f5es do Trabalho, S\u00e9rgio Mendon\u00e7a, e sua equipe t\u00e9cnica.<\/p>\n<p>\u201cTivemos duas respostas importantes: foi assumido o compromisso t\u00e1cito de responder formalmente, ponto a ponto, as oito reivindica\u00e7\u00f5es que comp\u00f5e a Campanha, e a equipe do governo afirmou que buscar\u00e1 garantir uma audi\u00eancia com a ministra do Planejamento, Miriam Belchior, e as entidades dos servidores p\u00fablicos federais\u201d, afirmou Barela. Segundo ele, os dirigentes cobraram a abertura imediata de negocia\u00e7\u00f5es em torno da pauta unificada dos servidores federais e recha\u00e7aram a argumenta\u00e7\u00e3o do governo de que enfrenta dificuldades em atender o pleito dos trabalhadores do servi\u00e7o p\u00fablico.<\/p>\n<p><em>*Foto: Fasubra<\/em><\/p>\n<p><em>Fonte: ANDES-SN<\/em><\/p>\n","protected":false},"excerpt":{"rendered":"<p>Representantes de v\u00e1rias entidades de todo o pa\u00eds que participaram da Reuni\u00e3o Ampliada do F\u00f3rum dos SPF em Bras\u00edlia, nesta sexta-feira (7), apontam a necessidade de constru\u00e7\u00e3o da greve unificada como instrumento para pressionar o governo a atender as reivindica\u00e7\u00f5es da categoria A import\u00e2ncia da mobiliza\u00e7\u00e3o, da integra\u00e7\u00e3o e da unifica\u00e7\u00e3o das entidades que representam&hellip;<\/p>\n","protected":false},"author":1,"featured_media":0,"comment_status":"open","ping_status":"open","sticky":false,"template":"","format":"standard","meta":{"footnotes":""},"categories":[15],"tags":[],"class_list":["post-8091","post","type-post","status-publish","format-standard","hentry","category-noticias","category-15","description-off"],"_links":{"self":[{"href":"https:\/\/www.adufpb.org.br\/site\/wp-json\/wp\/v2\/posts\/8091","targetHints":{"allow":["GET"]}}],"collection":[{"href":"https:\/\/www.adufpb.org.br\/site\/wp-json\/wp\/v2\/posts"}],"about":[{"href":"https:\/\/www.adufpb.org.br\/site\/wp-json\/wp\/v2\/types\/post"}],"author":[{"embeddable":true,"href":"https:\/\/www.adufpb.org.br\/site\/wp-json\/wp\/v2\/users\/1"}],"replies":[{"embeddable":true,"href":"https:\/\/www.adufpb.org.br\/site\/wp-json\/wp\/v2\/comments?post=8091"}],"version-history":[{"count":1,"href":"https:\/\/www.adufpb.org.br\/site\/wp-json\/wp\/v2\/posts\/8091\/revisions"}],"predecessor-version":[{"id":8093,"href":"https:\/\/www.adufpb.org.br\/site\/wp-json\/wp\/v2\/posts\/8091\/revisions\/8093"}],"wp:attachment":[{"href":"https:\/\/www.adufpb.org.br\/site\/wp-json\/wp\/v2\/media?parent=8091"}],"wp:term":[{"taxonomy":"category","embeddable":true,"href":"https:\/\/www.adufpb.org.br\/site\/wp-json\/wp\/v2\/categories?post=8091"},{"taxonomy":"post_tag","embeddable":true,"href":"https:\/\/www.adufpb.org.br\/site\/wp-json\/wp\/v2\/tags?post=8091"}],"curies":[{"name":"wp","href":"https:\/\/api.w.org\/{rel}","templated":true}]}}