{"id":8087,"date":"2014-02-10T11:38:39","date_gmt":"2014-02-10T15:38:39","guid":{"rendered":"http:\/\/www.adufpb.org.br\/site\/?p=8087"},"modified":"2014-02-21T11:39:02","modified_gmt":"2014-02-21T15:39:02","slug":"orcamento-previsto-nao-reajusta-salarios-mas-destina-r-1-trilhao-ao-superavit","status":"publish","type":"post","link":"https:\/\/www.adufpb.org.br\/site\/orcamento-previsto-nao-reajusta-salarios-mas-destina-r-1-trilhao-ao-superavit\/","title":{"rendered":"Or\u00e7amento previsto n\u00e3o reajusta sal\u00e1rios, mas destina R$ 1 trilh\u00e3o ao super\u00e1vit"},"content":{"rendered":"<p><em>Auditoria Cidad\u00e3 da D\u00edvida revela, em atividade pol\u00edtica da Campanha Salarial Unificada de 2014, que servidores p\u00fablicos federais v\u00e3o ter perda hist\u00f3rica se n\u00e3o lutarem<\/em><\/p>\n<p><img loading=\"lazy\" decoding=\"async\" class=\"alignleft size-medium wp-image-8088\" alt=\"semin\u00e1rio-auditoria-da-d\u00edvida-06.02.2014\" src=\"http:\/\/www.adufpb.org.br\/site\/wp-content\/uploads\/2014\/02\/semin\u00e1rio-auditoria-da-d\u00edvida-06.02.2014-300x225.jpg\" width=\"300\" height=\"225\" srcset=\"https:\/\/www.adufpb.org.br\/site\/wp-content\/uploads\/2014\/02\/semin\u00e1rio-auditoria-da-d\u00edvida-06.02.2014-300x225.jpg 300w, https:\/\/www.adufpb.org.br\/site\/wp-content\/uploads\/2014\/02\/semin\u00e1rio-auditoria-da-d\u00edvida-06.02.2014.jpg 400w\" sizes=\"auto, (max-width: 300px) 100vw, 300px\" \/>O Or\u00e7amento da Uni\u00e3o para 2014 revela a continuidade da pol\u00edtica do Estado m\u00ednimo implantada no pa\u00eds desde a d\u00e9cada de 1990. Essa \u00e9 uma das conclus\u00f5es do Semin\u00e1rio sobre a D\u00edvida P\u00fablica, realizado pela auditora fiscal e coordenadora nacional da Auditoria Cidad\u00e3 da D\u00edvida, Maria L\u00facia Fattorelli, na manh\u00e3 da \u00faltima quinta-feira (6), no audit\u00f3rio Nereu Ramos da C\u00e2mara dos Deputados.<\/p>\n<p>Uma das atividades do lan\u00e7amento da Campanha Salarial Unificada de 2014 dos servidores p\u00fablicos federais, o semin\u00e1rio esclareceu a rela\u00e7\u00e3o do sistema da d\u00edvida, ou seja, das d\u00edvidas externas e interna e do super\u00e1vit prim\u00e1rio, com as perdas salariais da categoria, com a retirada do Estado da presta\u00e7\u00e3o de servi\u00e7os p\u00fablicos e da privatiza\u00e7\u00e3o de direitos sociais, tais como a previd\u00eancia, a sa\u00fade, a educa\u00e7\u00e3o e a habita\u00e7\u00e3o.<\/p>\n<p>As investiga\u00e7\u00f5es da Auditoria Cidad\u00e3 mostram que est\u00e1 prevista uma perda salarial hist\u00f3rica para os servidores p\u00fablicos federais em 2014. Um estudo da Lei Or\u00e7ament\u00e1ria deste ano, realizado pela entidade, revela que a lei definiu uma queda dos gastos com o pessoal em rela\u00e7\u00e3o \u00e0 receita corrente l\u00edquida.<\/p>\n<p>\u201cNo Anexo V da Lei Or\u00e7ament\u00e1ria, que inclui os aumentos de gastos com o pessoal, prev\u00ea para aumento com gasto com pessoal, R$ 15,4 bilh\u00f5es, dos quais R$ 12,5 bilh\u00f5es cobrem os reajustes salariais e a altera\u00e7\u00e3o de estrutura de carreira, que j\u00e1 estavam previstos nos acordos de 2012. Esse recurso se refere exatamente ao reajuste de 5% que os servidores federais est\u00e3o recebendo e que n\u00e3o cobrem a infla\u00e7\u00e3o. Desse valor total, menos de R$ 3 bilh\u00f5es ser\u00e3o destinados a novos cargos, diante dos concursos previstos para este ano. N\u00e3o h\u00e1 previs\u00e3o para ganho salarial\u201d, assegura a coordenadora da Auditoria.<\/p>\n<p>Ela afirma que se quiser reaver o valor real dos sal\u00e1rios, o servidor p\u00fablico ter\u00e1 de entabular uma luta muito forte para mudar o cen\u00e1rio. \u201cAl\u00e9m disso, para o Or\u00e7amento de 2014, R$ 1 trilh\u00e3o ser\u00e3o destinados \u00e0 d\u00edvida p\u00fablica. O super\u00e1vit prim\u00e1rio previsto \u00e9 de 3,17% do Produto Interno Bruto (PIB), o sal\u00e1rio m\u00ednimo de apenas R$ 724 e uma infla\u00e7\u00e3o prevista de 5,8%. Isso significa que, se o reajuste vai ser 5%, h\u00e1 a\u00ed mais uma perda anunciada\u201d, demonstra Fattorelli.<\/p>\n<p>Com base nos c\u00e1lculos expostos em slides, Maria Lucia afirma que, \u201cdiante desse cen\u00e1rio em que a d\u00edvida absorve a maior parte dos recursos, n\u00e3o sobra dinheiro nem para reajuste salarial, nem para investimento nos servi\u00e7os p\u00fablicos e nem para a estrutura de Estado. O resultado disso \u00e9 que esse modelo econ\u00f4mico aponta para o aprofundamento do processo de privatiza\u00e7\u00e3o\u201d.<\/p>\n<p><strong>POLITIZA\u00c7\u00c3O E DIAL\u00c9TICA<\/strong><\/p>\n<p><img loading=\"lazy\" decoding=\"async\" class=\"alignright size-medium wp-image-8089\" alt=\"semin\u00e1rio-auditoria-da-d\u00edvida-06.02.2014-2\" src=\"http:\/\/www.adufpb.org.br\/site\/wp-content\/uploads\/2014\/02\/semin\u00e1rio-auditoria-da-d\u00edvida-06.02.2014-2-300x225.jpg\" width=\"300\" height=\"225\" srcset=\"https:\/\/www.adufpb.org.br\/site\/wp-content\/uploads\/2014\/02\/semin\u00e1rio-auditoria-da-d\u00edvida-06.02.2014-2-300x225.jpg 300w, https:\/\/www.adufpb.org.br\/site\/wp-content\/uploads\/2014\/02\/semin\u00e1rio-auditoria-da-d\u00edvida-06.02.2014-2.jpg 400w\" sizes=\"auto, (max-width: 300px) 100vw, 300px\" \/>O 2\u00ba secret\u00e1rio do ANDES-SN, Paulo Rizzo, que representou o Sindicato Nacional no semin\u00e1rio, destacou a frase \u201ca emancipa\u00e7\u00e3o dos oprimidos ser\u00e1 obra deles mesmos\u201d, de Karl Marx, que finaliza os slides da apresenta\u00e7\u00e3o de Maria Lucia Fattorelli. \u201cAo ter essa refer\u00eancia, gostaria de ressaltar o m\u00e9todo de Marx: o pensamento dial\u00e9tico e relacional, que a exposi\u00e7\u00e3o de Maria Lucia revela entre nossa campanha salarial e a d\u00edvida p\u00fablica. Governo e m\u00eddia insistem em escamotear que \u00e9 a d\u00edvida que corr\u00f3i o Or\u00e7amento e buscam fazer crer que se gasta muito com pol\u00edticas p\u00fablicas\u201d, afirma Rizzo.<\/p>\n<p>O dirigente do Sindicato Nacional acredita que a campanha salarial de 2014 iniciou no caminho certo a partir da percep\u00e7\u00e3o de que as entidades est\u00e3o tendo da conjuntura do pa\u00eds e de que este \u00e9 um ano de politiza\u00e7\u00e3o das lutas. \u201cEste \u00e9 o ano de trabalharmos na base a politiza\u00e7\u00e3o, conseguindo relacionar as reivindica\u00e7\u00f5es mais imediatas com os desafios pol\u00edticos e esse \u00e9 o momento para isso, pois estamos num ano de efervesc\u00eancia pol\u00edtica\u201d, afirmou.<\/p>\n<p><em>*Fotos: ANDES-SN<\/em><\/p>\n<p><em>Fonte: ANDES-SN<\/em><\/p>\n","protected":false},"excerpt":{"rendered":"<p>Auditoria Cidad\u00e3 da D\u00edvida revela, em atividade pol\u00edtica da Campanha Salarial Unificada de 2014, que servidores p\u00fablicos federais v\u00e3o ter perda hist\u00f3rica se n\u00e3o lutarem O Or\u00e7amento da Uni\u00e3o para 2014 revela a continuidade da pol\u00edtica do Estado m\u00ednimo implantada no pa\u00eds desde a d\u00e9cada de 1990. Essa \u00e9 uma das conclus\u00f5es do Semin\u00e1rio sobre&hellip;<\/p>\n","protected":false},"author":1,"featured_media":0,"comment_status":"open","ping_status":"open","sticky":false,"template":"","format":"standard","meta":{"footnotes":""},"categories":[15],"tags":[],"class_list":["post-8087","post","type-post","status-publish","format-standard","hentry","category-noticias","category-15","description-off"],"_links":{"self":[{"href":"https:\/\/www.adufpb.org.br\/site\/wp-json\/wp\/v2\/posts\/8087","targetHints":{"allow":["GET"]}}],"collection":[{"href":"https:\/\/www.adufpb.org.br\/site\/wp-json\/wp\/v2\/posts"}],"about":[{"href":"https:\/\/www.adufpb.org.br\/site\/wp-json\/wp\/v2\/types\/post"}],"author":[{"embeddable":true,"href":"https:\/\/www.adufpb.org.br\/site\/wp-json\/wp\/v2\/users\/1"}],"replies":[{"embeddable":true,"href":"https:\/\/www.adufpb.org.br\/site\/wp-json\/wp\/v2\/comments?post=8087"}],"version-history":[{"count":1,"href":"https:\/\/www.adufpb.org.br\/site\/wp-json\/wp\/v2\/posts\/8087\/revisions"}],"predecessor-version":[{"id":8090,"href":"https:\/\/www.adufpb.org.br\/site\/wp-json\/wp\/v2\/posts\/8087\/revisions\/8090"}],"wp:attachment":[{"href":"https:\/\/www.adufpb.org.br\/site\/wp-json\/wp\/v2\/media?parent=8087"}],"wp:term":[{"taxonomy":"category","embeddable":true,"href":"https:\/\/www.adufpb.org.br\/site\/wp-json\/wp\/v2\/categories?post=8087"},{"taxonomy":"post_tag","embeddable":true,"href":"https:\/\/www.adufpb.org.br\/site\/wp-json\/wp\/v2\/tags?post=8087"}],"curies":[{"name":"wp","href":"https:\/\/api.w.org\/{rel}","templated":true}]}}