{"id":8077,"date":"2014-02-06T11:33:31","date_gmt":"2014-02-06T15:33:31","guid":{"rendered":"http:\/\/www.adufpb.org.br\/site\/?p=8077"},"modified":"2014-02-21T11:33:50","modified_gmt":"2014-02-21T15:33:50","slug":"pressionado-governo-diz-que-ira-responder-a-pauta-de-reivindicacao-dos-spf","status":"publish","type":"post","link":"https:\/\/www.adufpb.org.br\/site\/pressionado-governo-diz-que-ira-responder-a-pauta-de-reivindicacao-dos-spf\/","title":{"rendered":"Pressionado, governo diz que ir\u00e1 responder \u00e0 pauta de reivindica\u00e7\u00e3o dos SPF"},"content":{"rendered":"<p><img loading=\"lazy\" decoding=\"async\" class=\"alignleft size-medium wp-image-8078\" alt=\"lan\u00e7amento-da-campanha-salarial-2014\" src=\"http:\/\/www.adufpb.org.br\/site\/wp-content\/uploads\/2014\/02\/lan\u00e7amento-da-campanha-salarial-2014-300x200.jpg\" width=\"300\" height=\"200\" srcset=\"https:\/\/www.adufpb.org.br\/site\/wp-content\/uploads\/2014\/02\/lan\u00e7amento-da-campanha-salarial-2014-300x200.jpg 300w, https:\/\/www.adufpb.org.br\/site\/wp-content\/uploads\/2014\/02\/lan\u00e7amento-da-campanha-salarial-2014.jpg 448w\" sizes=\"auto, (max-width: 300px) 100vw, 300px\" \/>A press\u00e3o da mobiliza\u00e7\u00e3o dos servidores p\u00fablicos federais levou o governo a receber uma comiss\u00e3o de representantes do F\u00f3rum dos SPF, na quarta-feira (5), durante o ato de lan\u00e7amento nacional da Campanha Unificada 2014, em frente ao Minist\u00e9rio do Planejamento, em Bras\u00edlia (DF).<\/p>\n<p>Dirigentes de 10 entidades e das tr\u00eas centrais sindicais que comp\u00f5e o F\u00f3rum se reuniram com o chefe de gabinete da Secretaria-Executiva do Planejamento, Andr\u00e9 Bucar, al\u00e9m do secret\u00e1rio de Rela\u00e7\u00f5es do Trabalho, S\u00e9rgio Mendon\u00e7a, e sua equipe t\u00e9cnica. Segundo o coordenador da CSP-Conlutas, Paulo Barela, os dirigentes cobraram a abertura imediata de negocia\u00e7\u00f5es em torno da pauta unificada dos servidores federais e recha\u00e7aram a argumenta\u00e7\u00e3o do governo de que enfrenta dificuldades em atender o pleito dos trabalhadores do servi\u00e7o p\u00fablico.<\/p>\n<p>Mendon\u00e7a e Bucar se comprometeram em apresentar uma resposta oficial, at\u00e9 o in\u00edcio mar\u00e7o, \u00e0 pauta dos SPF, protocolada no dia 24 de janeiro. Os representantes do Planejamento tamb\u00e9m buscar\u00e3o articular uma reuni\u00e3o entre as entidades nacionais dos servidores e a ministra Miriam Belchior.<\/p>\n<p><img loading=\"lazy\" decoding=\"async\" class=\"size-medium wp-image-8080 alignright\" alt=\"lan\u00e7amento-da-campanha-salarial-2014-3\" src=\"http:\/\/www.adufpb.org.br\/site\/wp-content\/uploads\/2014\/02\/lan\u00e7amento-da-campanha-salarial-2014-3-300x200.jpg\" width=\"300\" height=\"200\" srcset=\"https:\/\/www.adufpb.org.br\/site\/wp-content\/uploads\/2014\/02\/lan\u00e7amento-da-campanha-salarial-2014-3-300x200.jpg 300w, https:\/\/www.adufpb.org.br\/site\/wp-content\/uploads\/2014\/02\/lan\u00e7amento-da-campanha-salarial-2014-3.jpg 450w\" sizes=\"auto, (max-width: 300px) 100vw, 300px\" \/>Ao final dos informes, Barela ressaltou a necessidade de intensificar o processo de mobiliza\u00e7\u00e3o nos estados para pressionar o governo. \u201cJ\u00e1 arrancamos do governo o compromisso de responder formalmente \u00e0 nossa pauta\u201d, destacou. O dirigente ponderou ainda que n\u00e3o est\u00e1 descartada a possibilidade de constru\u00e7\u00e3o de uma grande greve do funcionalismo p\u00fablico.<\/p>\n<p>O coordenador da CSP-Conlutas lembrou que os pr\u00f3ximos passos ser\u00e3o definidos na reuni\u00e3o ampliada do F\u00f3rum, na sexta-feira (7). \u201cNosso ato foi vitorioso. Agora precisamos aprofundar o debate junto \u00e0s nossas bases\u201d, disse.<\/p>\n<p><strong>Mobiliza\u00e7\u00e3o<\/strong><br \/>\nCentenas de servidores p\u00fablicos federais, vindos de diversas partes do pa\u00eds, mostraram ao governo a disposi\u00e7\u00e3o do movimento para os enfrentamentos previstos para este ano, que ser\u00e1 marcado pela Copa do Mundo e pelas elei\u00e7\u00f5es.<\/p>\n<p>Al\u00e9m da pauta unificada, composta por oito eixos (confira abaixo), as reivindica\u00e7\u00f5es que comp\u00f5em a pauta espec\u00edfica de cada entidade exp\u00f5em a realidade enfrentada pelos servidores de todo pa\u00eds, como a falta de valoriza\u00e7\u00e3o do servi\u00e7o p\u00fablico, a precariza\u00e7\u00e3o das condi\u00e7\u00f5es de trabalho, as perdas salariais e de direitos, o n\u00e3o cumprimento de acordos feitos pelo governo em negocia\u00e7\u00f5es anteriores, entre outras quest\u00f5es.<\/p>\n<p><img loading=\"lazy\" decoding=\"async\" class=\"alignleft size-medium wp-image-8079\" alt=\"lan\u00e7amento-da-campanha-salarial-2014-2\" src=\"http:\/\/www.adufpb.org.br\/site\/wp-content\/uploads\/2014\/02\/lan\u00e7amento-da-campanha-salarial-2014-2-300x175.jpg\" width=\"300\" height=\"175\" srcset=\"https:\/\/www.adufpb.org.br\/site\/wp-content\/uploads\/2014\/02\/lan\u00e7amento-da-campanha-salarial-2014-2-300x175.jpg 300w, https:\/\/www.adufpb.org.br\/site\/wp-content\/uploads\/2014\/02\/lan\u00e7amento-da-campanha-salarial-2014-2.jpg 500w\" sizes=\"auto, (max-width: 300px) 100vw, 300px\" \/>Em frente ao bloco K da Esplanada, os manifestantes, que representavam entidades de v\u00e1rios estados brasileiros, pressionaram a abertura de di\u00e1logo com o governo, a realiza\u00e7\u00e3o da audi\u00eancia com a ministra do Planejamento (Mpog), Miriam Belchior, solicitada pelo F\u00f3rum dos SPF no \u00faltimo dia 24, e o atendimento das reivindica\u00e7\u00f5es. At\u00e9 o in\u00edcio da tarde, os servidores permaneceram no local, com cartazes, faixas e bandeiras, que apresentavam as pautas gerais e espec\u00edficas das categorias.<\/p>\n<p>Durante as falas no carro de som, os dirigentes das dezenas de entidades que integraram a atividade manifestaram a insatisfa\u00e7\u00e3o com a postura do governo e com as pol\u00edticas aplicadas, que investem grandes recursos na constru\u00e7\u00e3o de est\u00e1dios e na copa do mundo, ignora os trabalhadores e a popula\u00e7\u00e3o, e n\u00e3o garante acesso aos servi\u00e7os p\u00fablicos de qualidade, al\u00e9m de n\u00e3o valorizar os servidores.<\/p>\n<p>O 2\u00ba secret\u00e1rio do ANDES-SN, Paulo Rizzo, destacou as a\u00e7\u00f5es empreendidas pelo Sindicato Nacional para fortalecer a Campanha Unificada, com atividades e debates feitos na base. \u201cO governo j\u00e1 nos deu uma resposta no ano passado e permanece com o mesmo discurso neste ano, de que n\u00e3o ir\u00e1 negociar conosco. Este \u00e9 o momento da constru\u00e7\u00e3o da mobiliza\u00e7\u00e3o. E essa \u00e9 a nossa tarefa. Temos que lutar e ir \u00e0s ruas se quisermos negocia\u00e7\u00e3o\u201d, destacou.<\/p>\n<p>Rizzo comentou a comemora\u00e7\u00e3o que o governo fez na mensagem encaminhada pela presidente Dilma Roussef ao Congresso Nacional na segunda-feira \u201cO governo celebra o super\u00e1vit fiscal e comemora que est\u00e1 economizando para a amortiza\u00e7\u00e3o da d\u00edvida, al\u00e9m de enaltecer os cortes com despesas em pessoal e direitos sociais. Isso mostra claramente que ele n\u00e3o pretende se mexer para atender aos servidores\u201d, avaliou.<\/p>\n<p><img loading=\"lazy\" decoding=\"async\" class=\"alignright size-medium wp-image-8081\" alt=\"lan\u00e7amento-da-campanha-salarial-2014-4\" src=\"http:\/\/www.adufpb.org.br\/site\/wp-content\/uploads\/2014\/02\/lan\u00e7amento-da-campanha-salarial-2014-4-300x133.jpg\" width=\"300\" height=\"133\" srcset=\"https:\/\/www.adufpb.org.br\/site\/wp-content\/uploads\/2014\/02\/lan\u00e7amento-da-campanha-salarial-2014-4-300x133.jpg 300w, https:\/\/www.adufpb.org.br\/site\/wp-content\/uploads\/2014\/02\/lan\u00e7amento-da-campanha-salarial-2014-4.jpg 500w\" sizes=\"auto, (max-width: 300px) 100vw, 300px\" \/>O diretor do ANDES-SN citou ainda duas lutas enfrentadas pelos setores da Educa\u00e7\u00e3o e da Sa\u00fade: a luta contra a Empresa Brasileira de Servi\u00e7os Hospitalares (Ebserh), que \u201ctira das universidades o controle dos hospitais universit\u00e1rios e muda a forma de contrata\u00e7\u00e3o dos trabalhadores para os moldes do setor privado\u201d, e a aprova\u00e7\u00e3o do PNE no Senado, com um texto que permite a aplica\u00e7\u00e3o de verbas p\u00fablicas para empresas privadas. \u201cO projeto voltar\u00e1 para a C\u00e2mara com esta caracter\u00edstica. O governo adiou a Confer\u00eancia Nacional de Educa\u00e7\u00e3o para o segundo semestre, o que mostra que n\u00e3o interessa ter discuss\u00e3o neste ano\u201d.<\/p>\n<p>Rizzo informou ainda que os reitores das Universidades Federais est\u00e3o propondo um projeto de lei que, a t\u00edtulo de regulamentar a autonomia universit\u00e1ria, prop\u00f5e, entre outras coisas, oficializar cursos pagos nas institui\u00e7\u00f5es p\u00fablicas. \u201cNesta campanha salarial, temos que estar todos unidos contra a privatiza\u00e7\u00e3o e a mercantiliza\u00e7\u00e3o dos servi\u00e7os p\u00fablicos\u201d, conclamou.<\/p>\n<p><em>Fonte:\u00a0ANDES-SN<\/em><\/p>\n","protected":false},"excerpt":{"rendered":"<p>A press\u00e3o da mobiliza\u00e7\u00e3o dos servidores p\u00fablicos federais levou o governo a receber uma comiss\u00e3o de representantes do F\u00f3rum dos SPF, na quarta-feira (5), durante o ato de lan\u00e7amento nacional da Campanha Unificada 2014, em frente ao Minist\u00e9rio do Planejamento, em Bras\u00edlia (DF). Dirigentes de 10 entidades e das tr\u00eas centrais sindicais que comp\u00f5e o&hellip;<\/p>\n","protected":false},"author":1,"featured_media":0,"comment_status":"open","ping_status":"open","sticky":false,"template":"","format":"standard","meta":{"footnotes":""},"categories":[15],"tags":[],"class_list":["post-8077","post","type-post","status-publish","format-standard","hentry","category-noticias","category-15","description-off"],"_links":{"self":[{"href":"https:\/\/www.adufpb.org.br\/site\/wp-json\/wp\/v2\/posts\/8077","targetHints":{"allow":["GET"]}}],"collection":[{"href":"https:\/\/www.adufpb.org.br\/site\/wp-json\/wp\/v2\/posts"}],"about":[{"href":"https:\/\/www.adufpb.org.br\/site\/wp-json\/wp\/v2\/types\/post"}],"author":[{"embeddable":true,"href":"https:\/\/www.adufpb.org.br\/site\/wp-json\/wp\/v2\/users\/1"}],"replies":[{"embeddable":true,"href":"https:\/\/www.adufpb.org.br\/site\/wp-json\/wp\/v2\/comments?post=8077"}],"version-history":[{"count":1,"href":"https:\/\/www.adufpb.org.br\/site\/wp-json\/wp\/v2\/posts\/8077\/revisions"}],"predecessor-version":[{"id":8082,"href":"https:\/\/www.adufpb.org.br\/site\/wp-json\/wp\/v2\/posts\/8077\/revisions\/8082"}],"wp:attachment":[{"href":"https:\/\/www.adufpb.org.br\/site\/wp-json\/wp\/v2\/media?parent=8077"}],"wp:term":[{"taxonomy":"category","embeddable":true,"href":"https:\/\/www.adufpb.org.br\/site\/wp-json\/wp\/v2\/categories?post=8077"},{"taxonomy":"post_tag","embeddable":true,"href":"https:\/\/www.adufpb.org.br\/site\/wp-json\/wp\/v2\/tags?post=8077"}],"curies":[{"name":"wp","href":"https:\/\/api.w.org\/{rel}","templated":true}]}}